{"id":13426,"date":"2022-11-16T16:46:13","date_gmt":"2022-11-16T19:46:13","guid":{"rendered":"http:\/\/dgospel.com.br\/portal\/?p=13426"},"modified":"2022-11-16T16:46:15","modified_gmt":"2022-11-16T19:46:15","slug":"zambelli-denuncia-stf-e-tse-a-comissao-de-direitos-humanos","status":"publish","type":"post","link":"https:\/\/dgospel.com.br\/portal\/index.php\/2022\/11\/16\/zambelli-denuncia-stf-e-tse-a-comissao-de-direitos-humanos\/","title":{"rendered":"Zambelli denuncia STF e TSE \u00e0 Comiss\u00e3o de Direitos Humanos"},"content":{"rendered":"\n<p>Nesta ter\u00e7a-feira (15), a deputada federal Carla Zambelli (PL-SP) e o jornalista Paulo Figueiredo denunciaram o Supremo Tribunal Federal e o Tribunal Superior Eleitoral \u00e0 Comiss\u00e3o Interamericana de Direitos Humanos (CIDH) por \u201cgraves viola\u00e7\u00f5es a direitos fundamentais de cidad\u00e3os brasileiros\u201d.<\/p>\n\n\n\n<p>O objetivo da peti\u00e7\u00e3o \u00e9 que o Sistema Interamericano de Prote\u00e7\u00e3o dos Direitos Humanos avalie os abusos cometidos por parte do Judici\u00e1rio brasileiro contra parlamentares, jornalistas e cidad\u00e3os.<\/p>\n\n\n\n<p>O maior motivo s\u00e3o as decis\u00f5es do ministro Alexandre de Moraes no que diz respeito \u00e0 liberdade de express\u00e3o. Ambos os denunciantes foram v\u00edtimas de a\u00e7\u00f5es de cerceamento desse direito garantido pela Constitui\u00e7\u00e3o Brasileira e que tamb\u00e9m consta no artigo 13 do Pacto de San Jos\u00e9 da Costa Rica do qual o Brasil \u00e9 signat\u00e1rio.<\/p>\n\n\n\n<p>\u2013 Os denunciantes solicitaram que seja deferida medida cautelar no sentido de determinar ao Supremo Tribunal Federal que respeite o sistema acusat\u00f3rio, bem como desbloqueie e abstenha-se de impor novas censuras ou bloqueio de perfis ou a desmonetiza\u00e7\u00e3o de canais nos fatos narrados \u2013 diz a nota oficial.<\/p>\n\n\n\n<p>A Comiss\u00e3o Interamericana de Direitos Humanos \u00e9 um \u00f3rg\u00e3o vinculado \u00e0 Organiza\u00e7\u00e3o dos Estados Americanos (OEA), e tem sede em Washington, EUA.<\/p>\n\n\n\n<p>Zambelli est\u00e1 no pa\u00eds desde a semana passada j\u00e1 com o objetivo de fazer a den\u00fancia.<\/p>\n\n\n\n<p>Oito membros do quadro t\u00e9cnico da CIDH receberam o documento e explicaram o procedimento de tramita\u00e7\u00e3o da den\u00fancia, e informaram que as medidas cautelares ter\u00e3o prazo estimado de um a tr\u00eas meses para serem analisadas.<\/p>\n","protected":false},"excerpt":{"rendered":"<p>Nesta ter\u00e7a-feira (15), a deputada federal Carla Zambelli (PL-SP) e o jornalista Paulo Figueiredo denunciaram o Supremo Tribunal Federal e o Tribunal Superior Eleitoral \u00e0 Comiss\u00e3o Interamericana de Direitos Humanos (CIDH) por \u201cgraves viola\u00e7\u00f5es a direitos fundamentais de cidad\u00e3os brasileiros\u201d. O objetivo da peti\u00e7\u00e3o \u00e9 que o Sistema Interamericano de Prote\u00e7\u00e3o dos Direitos Humanos avalie [&hellip;]<\/p>\n","protected":false},"author":2,"featured_media":13427,"comment_status":"open","ping_status":"open","sticky":false,"template":"","format":"standard","meta":[],"categories":[8],"tags":[],"_links":{"self":[{"href":"https:\/\/dgospel.com.br\/portal\/index.php\/wp-json\/wp\/v2\/posts\/13426"}],"collection":[{"href":"https:\/\/dgospel.com.br\/portal\/index.php\/wp-json\/wp\/v2\/posts"}],"about":[{"href":"https:\/\/dgospel.com.br\/portal\/index.php\/wp-json\/wp\/v2\/types\/post"}],"author":[{"embeddable":true,"href":"https:\/\/dgospel.com.br\/portal\/index.php\/wp-json\/wp\/v2\/users\/2"}],"replies":[{"embeddable":true,"href":"https:\/\/dgospel.com.br\/portal\/index.php\/wp-json\/wp\/v2\/comments?post=13426"}],"version-history":[{"count":1,"href":"https:\/\/dgospel.com.br\/portal\/index.php\/wp-json\/wp\/v2\/posts\/13426\/revisions"}],"predecessor-version":[{"id":13428,"href":"https:\/\/dgospel.com.br\/portal\/index.php\/wp-json\/wp\/v2\/posts\/13426\/revisions\/13428"}],"wp:featuredmedia":[{"embeddable":true,"href":"https:\/\/dgospel.com.br\/portal\/index.php\/wp-json\/wp\/v2\/media\/13427"}],"wp:attachment":[{"href":"https:\/\/dgospel.com.br\/portal\/index.php\/wp-json\/wp\/v2\/media?parent=13426"}],"wp:term":[{"taxonomy":"category","embeddable":true,"href":"https:\/\/dgospel.com.br\/portal\/index.php\/wp-json\/wp\/v2\/categories?post=13426"},{"taxonomy":"post_tag","embeddable":true,"href":"https:\/\/dgospel.com.br\/portal\/index.php\/wp-json\/wp\/v2\/tags?post=13426"}],"curies":[{"name":"wp","href":"https:\/\/api.w.org\/{rel}","templated":true}]}}