{"id":13429,"date":"2022-11-16T16:49:13","date_gmt":"2022-11-16T19:49:13","guid":{"rendered":"http:\/\/dgospel.com.br\/portal\/?p=13429"},"modified":"2022-11-16T16:49:14","modified_gmt":"2022-11-16T19:49:14","slug":"israel-da-posse-ao-parlamento-mais-a-direita-de-sua-historia","status":"publish","type":"post","link":"https:\/\/dgospel.com.br\/portal\/index.php\/2022\/11\/16\/israel-da-posse-ao-parlamento-mais-a-direita-de-sua-historia\/","title":{"rendered":"Israel d\u00e1 posse ao Parlamento mais \u00e0 direita de sua hist\u00f3ria"},"content":{"rendered":"\n<p>Ap\u00f3s quase quatro anos de impasse pol\u00edtico e cinco elei\u00e7\u00f5es, Israel deu posse nesta ter\u00e7a-feira (15) ao Parlamento mais \u00e0 direita de sua hist\u00f3ria. O primeiro-ministro designado, Benjamin Netanyahu, trabalha para formar uma coaliz\u00e3o de governo com a direita mais radical e os religiosos na Knesset (Parlamento) de 120 assentos. Os partidos israelenses de esquerda sofreram grandes perdas nas elei\u00e7\u00f5es do dia 1\u00b0.<\/p>\n\n\n\n<p>A crescente popularidade de uma alian\u00e7a de direita antes \u00e0 margem da sociedade israelense ajudou a impulsionar o retorno pol\u00edtico de Netanyahu, mesmo enquanto ele enfrenta um julgamento por suposta corrup\u00e7\u00e3o. O pol\u00edtico governou Israel durante 15 anos, sendo 12 deles consecutivos.<\/p>\n\n\n\n<p>A cerim\u00f4nia de posse ocorreu poucas horas depois que um agressor palestino fez um ataque em uma zona industrial controlada por israelenses na Cisjord\u00e2nia ocupada, matando tr\u00eas israelenses antes de ser morto a tiros.<\/p>\n\n\n\n<p>Os prov\u00e1veis parceiros de coaliz\u00e3o de direita de Netanyahu prometeram agir de forma mais agressiva contra os palestinos que promovem ataques.<\/p>\n\n\n\n<p>O presidente israelense, Isaac Herzog, apelou pela unidade nacional em seu discurso ap\u00f3s as cinco elei\u00e7\u00f5es que deixaram o pa\u00eds dividido, dizendo que os israelenses est\u00e3o \u201cexaustos com as lutas internas e suas consequ\u00eancias\u201d.<\/p>\n\n\n\n<p>\u2013 Agora, a responsabilidade est\u00e1 em primeiro lugar com voc\u00eas, representantes eleitos do p\u00fablico \u2013 afirmou.<\/p>\n\n\n\n<p>Herzog tamb\u00e9m convocou os representantes eleitos a salvaguardar os direitos das minorias de Israel, temerosas de que a pr\u00f3xima coaliz\u00e3o de governo reverta os feitos de seu antecessor em quest\u00f5es como meio ambiente, direitos LGBT+ e financiamento para a popula\u00e7\u00e3o \u00e1rabe.<\/p>\n\n\n\n<p>O novo Parlamento substitui um dos mais diversificados da hist\u00f3ria de Israel, que teve um recorde de 36 mulheres e um pequeno partido isl\u00e2mico \u00e1rabe na coaliz\u00e3o de governo. Esta Knesset tem 29 mulheres.<\/p>\n\n\n\n<p>*AE<\/p>\n","protected":false},"excerpt":{"rendered":"<p>Ap\u00f3s quase quatro anos de impasse pol\u00edtico e cinco elei\u00e7\u00f5es, Israel deu posse nesta ter\u00e7a-feira (15) ao Parlamento mais \u00e0 direita de sua hist\u00f3ria. O primeiro-ministro designado, Benjamin Netanyahu, trabalha para formar uma coaliz\u00e3o de governo com a direita mais radical e os religiosos na Knesset (Parlamento) de 120 assentos. Os partidos israelenses de esquerda [&hellip;]<\/p>\n","protected":false},"author":2,"featured_media":13430,"comment_status":"open","ping_status":"open","sticky":false,"template":"","format":"standard","meta":[],"categories":[16],"tags":[],"_links":{"self":[{"href":"https:\/\/dgospel.com.br\/portal\/index.php\/wp-json\/wp\/v2\/posts\/13429"}],"collection":[{"href":"https:\/\/dgospel.com.br\/portal\/index.php\/wp-json\/wp\/v2\/posts"}],"about":[{"href":"https:\/\/dgospel.com.br\/portal\/index.php\/wp-json\/wp\/v2\/types\/post"}],"author":[{"embeddable":true,"href":"https:\/\/dgospel.com.br\/portal\/index.php\/wp-json\/wp\/v2\/users\/2"}],"replies":[{"embeddable":true,"href":"https:\/\/dgospel.com.br\/portal\/index.php\/wp-json\/wp\/v2\/comments?post=13429"}],"version-history":[{"count":1,"href":"https:\/\/dgospel.com.br\/portal\/index.php\/wp-json\/wp\/v2\/posts\/13429\/revisions"}],"predecessor-version":[{"id":13431,"href":"https:\/\/dgospel.com.br\/portal\/index.php\/wp-json\/wp\/v2\/posts\/13429\/revisions\/13431"}],"wp:featuredmedia":[{"embeddable":true,"href":"https:\/\/dgospel.com.br\/portal\/index.php\/wp-json\/wp\/v2\/media\/13430"}],"wp:attachment":[{"href":"https:\/\/dgospel.com.br\/portal\/index.php\/wp-json\/wp\/v2\/media?parent=13429"}],"wp:term":[{"taxonomy":"category","embeddable":true,"href":"https:\/\/dgospel.com.br\/portal\/index.php\/wp-json\/wp\/v2\/categories?post=13429"},{"taxonomy":"post_tag","embeddable":true,"href":"https:\/\/dgospel.com.br\/portal\/index.php\/wp-json\/wp\/v2\/tags?post=13429"}],"curies":[{"name":"wp","href":"https:\/\/api.w.org\/{rel}","templated":true}]}}