{"id":13432,"date":"2022-11-16T16:52:55","date_gmt":"2022-11-16T19:52:55","guid":{"rendered":"http:\/\/dgospel.com.br\/portal\/?p=13432"},"modified":"2022-11-16T16:52:56","modified_gmt":"2022-11-16T19:52:56","slug":"pm-diz-que-manifestacao-em-brasilia-e-regular-e-nao-ha-lideres","status":"publish","type":"post","link":"https:\/\/dgospel.com.br\/portal\/index.php\/2022\/11\/16\/pm-diz-que-manifestacao-em-brasilia-e-regular-e-nao-ha-lideres\/","title":{"rendered":"PM diz que manifesta\u00e7\u00e3o em Bras\u00edlia \u00e9 regular e n\u00e3o h\u00e1 l\u00edderes"},"content":{"rendered":"\n<p>Em of\u00edcio enviado ao Supremo Tribunal Federal (STF), o comandante-geral da<a href=\"http:\/\/www.pmdf.df.gov.br\/\">&nbsp;<strong>Pol\u00edcia Militar do Distrito Federal<\/strong><\/a>, coronel F\u00e1bio Augusto Vieira, informou que a manifesta\u00e7\u00e3o em Bras\u00edlia, pr\u00f3xima ao Setor Militar Urbano (SMU), n\u00e3o \u00e9 irregular. A informa\u00e7\u00e3o foi publicada pelo portal&nbsp;<em>UOL<\/em>, que cita trechos do of\u00edcio.<\/p>\n\n\n\n<p>Pelo contr\u00e1rio, segundo Vieira, os manifestantes t\u00eam autoriza\u00e7\u00e3o do Comando Militar do Planalto e do governo do Distrito Federal para que ve\u00edculos e pessoas transitem e permane\u00e7am no local, que \u00e9 de responsabilidade do Ex\u00e9rcito Brasileiro. Os manifestantes podem ocupar \u00e1reas pr\u00e9-determinadas pela Secretaria de Seguran\u00e7a P\u00fablica do Distrito Federal (SSP-DF), de acordo com a resposta do oficial.<\/p>\n\n\n\n<p>Segundo o of\u00edcio, citado por&nbsp;<em>UOL<\/em>, o coronel disse que \u201cdesde a chegada de tais ve\u00edculo ao SMU, n\u00e3o foram identificadas, nem por parte do Ex\u00e9rcito Brasileiro, nem por parte da PMDF, quaisquer irregularidades ou condutas il\u00edcitas praticadas por seus propriet\u00e1rios\u201d.<\/p>\n\n\n\n<p>O militar tamb\u00e9m informa, no documento, que o movimento, iniciado em 1\u00ba de novembro, n\u00e3o tem uma lideran\u00e7a organizada, o que conclui \u201cpor n\u00e3o haver entidades estruturadas nas mobiliza\u00e7\u00e3o dos atos\u201d. O coronel diz ainda que qualquer pessoa pode fazer uso da palavra no carro de som. \u201cEm raz\u00e3o disso, os eventos est\u00e3o sendo classificados como ATOS DE INICIATIVA POPULAR-AIP OU SOCIEDADE CIVIL ORGANIZA-SCO\u201d, escreveu, segundo o portal.<\/p>\n\n\n\n<p>Na semana passada, Moraes determinou que as pol\u00edcias do Distrito Federal atuassem para desobstruir vias ocupadas em Bras\u00edlia.<\/p>\n\n\n\n<p>Desde o resultado do segundo turno das elei\u00e7\u00f5es, realizado em 30 de outubro, manifestantes t\u00eam feito protestos em todo o pa\u00eds contra a elei\u00e7\u00e3o de Luiz In\u00e1cio Lula da Silva (PT). Num primeiro momento, fecharam rodovias; agora, se concentram na frente dos quart\u00e9is do Ex\u00e9rcito de v\u00e1rias cidades brasileiras.<\/p>\n\n\n\n<p>Fonte: revistaoeste<\/p>\n","protected":false},"excerpt":{"rendered":"<p>Em of\u00edcio enviado ao Supremo Tribunal Federal (STF), o comandante-geral da&nbsp;Pol\u00edcia Militar do Distrito Federal, coronel F\u00e1bio Augusto Vieira, informou que a manifesta\u00e7\u00e3o em Bras\u00edlia, pr\u00f3xima ao Setor Militar Urbano (SMU), n\u00e3o \u00e9 irregular. A informa\u00e7\u00e3o foi publicada pelo portal&nbsp;UOL, que cita trechos do of\u00edcio. Pelo contr\u00e1rio, segundo Vieira, os manifestantes t\u00eam autoriza\u00e7\u00e3o do Comando [&hellip;]<\/p>\n","protected":false},"author":2,"featured_media":13433,"comment_status":"open","ping_status":"open","sticky":false,"template":"","format":"standard","meta":[],"categories":[10],"tags":[],"_links":{"self":[{"href":"https:\/\/dgospel.com.br\/portal\/index.php\/wp-json\/wp\/v2\/posts\/13432"}],"collection":[{"href":"https:\/\/dgospel.com.br\/portal\/index.php\/wp-json\/wp\/v2\/posts"}],"about":[{"href":"https:\/\/dgospel.com.br\/portal\/index.php\/wp-json\/wp\/v2\/types\/post"}],"author":[{"embeddable":true,"href":"https:\/\/dgospel.com.br\/portal\/index.php\/wp-json\/wp\/v2\/users\/2"}],"replies":[{"embeddable":true,"href":"https:\/\/dgospel.com.br\/portal\/index.php\/wp-json\/wp\/v2\/comments?post=13432"}],"version-history":[{"count":1,"href":"https:\/\/dgospel.com.br\/portal\/index.php\/wp-json\/wp\/v2\/posts\/13432\/revisions"}],"predecessor-version":[{"id":13434,"href":"https:\/\/dgospel.com.br\/portal\/index.php\/wp-json\/wp\/v2\/posts\/13432\/revisions\/13434"}],"wp:featuredmedia":[{"embeddable":true,"href":"https:\/\/dgospel.com.br\/portal\/index.php\/wp-json\/wp\/v2\/media\/13433"}],"wp:attachment":[{"href":"https:\/\/dgospel.com.br\/portal\/index.php\/wp-json\/wp\/v2\/media?parent=13432"}],"wp:term":[{"taxonomy":"category","embeddable":true,"href":"https:\/\/dgospel.com.br\/portal\/index.php\/wp-json\/wp\/v2\/categories?post=13432"},{"taxonomy":"post_tag","embeddable":true,"href":"https:\/\/dgospel.com.br\/portal\/index.php\/wp-json\/wp\/v2\/tags?post=13432"}],"curies":[{"name":"wp","href":"https:\/\/api.w.org\/{rel}","templated":true}]}}