{"id":13435,"date":"2022-11-16T17:05:31","date_gmt":"2022-11-16T20:05:31","guid":{"rendered":"http:\/\/dgospel.com.br\/portal\/?p=13435"},"modified":"2022-11-16T17:05:32","modified_gmt":"2022-11-16T20:05:32","slug":"brasileiros-se-unem-para-orar-pelo-pais-em-diversos-estados","status":"publish","type":"post","link":"https:\/\/dgospel.com.br\/portal\/index.php\/2022\/11\/16\/brasileiros-se-unem-para-orar-pelo-pais-em-diversos-estados\/","title":{"rendered":"Brasileiros se unem para orar pelo Pa\u00eds em diversos Estados"},"content":{"rendered":"\n<p>O feriado da Proclama\u00e7\u00e3o da Rep\u00fablica nesta ter\u00e7a-feira (15) foi marcado por um movimento de ora\u00e7\u00e3o pelo&nbsp;<a href=\"https:\/\/guiame.com.br\/tudo-sobre?tag=brasil\"><strong>Brasil<\/strong><\/a>, enquanto manifestantes se reuniam em diversas regi\u00f5es do Pa\u00eds.<\/p>\n\n\n\n<p>As maiores concentra\u00e7\u00f5es aconteceram em Bras\u00edlia, Rio de Janeiro, S\u00e3o Paulo, Santa Catarina, Minas Gerais, Esp\u00edrito Santo, Pernambuco, Paran\u00e1, Par\u00e1, Bahia, Goi\u00e1s e Mato Grosso do Sul.&nbsp;<\/p>\n\n\n\n<p>Pr\u00f3ximos a bases militares, brasileiros se juntaram em&nbsp;<a href=\"https:\/\/guiame.com.br\/tudo-sobre?tag=ora%C3%A7%C3%A3o\"><strong>ora\u00e7\u00e3o<\/strong><\/a>&nbsp;\u00e0s 15 horas, pedindo que Deus restaure o Brasil. Os atos foram marcados por louvores, ora\u00e7\u00f5es e mensagens patri\u00f3ticas.<\/p>\n\n\n\n<p>\u201cEstamos aqui Pai, diante de Ti, prostrados e derramados aos Teus p\u00e9s. Clamamos porque cremos que os Teus olhos est\u00e3o sobre n\u00f3s e que a Tua m\u00e3o poderosa est\u00e1 sobre a nossa na\u00e7\u00e3o\u201d, declarou uma mulher enquanto orava nos arredores do Quartel General do Ex\u00e9rcito Brasileiro, na capital federal, apesar das fortes chuvas.<\/p>\n\n\n\n<p>O Comando Militar do Leste, no Estado fluminense, foi o local com a maior concentra\u00e7\u00e3o de pessoas e tamb\u00e9m foi marcado pelas ora\u00e7\u00f5es.<\/p>\n\n\n\n<p>No C\u00edrculo Militar, na regi\u00e3o do Ibirapuera, na capital de S\u00e3o Paulo, cat\u00f3licos se ajoelharam para orar pelo Pa\u00eds, enquanto os padres lideravam o momento de ora\u00e7\u00e3o.<\/p>\n\n\n\n<p>Na Terceira Ponte, via que liga as cidades de Vit\u00f3ria e Vila Velha, no Esp\u00edrito Santo, milhares de pessoas se ajoelharam para orar. \u201cLevante a sua face para o alto neste momento, para Aquele que \u00e9 maior e soberano em nossas vidas, o nosso Deus\u201d, incentivou o homem que liderou o momento de ora\u00e7\u00e3o.<\/p>\n","protected":false},"excerpt":{"rendered":"<p>O feriado da Proclama\u00e7\u00e3o da Rep\u00fablica nesta ter\u00e7a-feira (15) foi marcado por um movimento de ora\u00e7\u00e3o pelo&nbsp;Brasil, enquanto manifestantes se reuniam em diversas regi\u00f5es do Pa\u00eds. As maiores concentra\u00e7\u00f5es aconteceram em Bras\u00edlia, Rio de Janeiro, S\u00e3o Paulo, Santa Catarina, Minas Gerais, Esp\u00edrito Santo, Pernambuco, Paran\u00e1, Par\u00e1, Bahia, Goi\u00e1s e Mato Grosso do Sul.&nbsp; Pr\u00f3ximos a [&hellip;]<\/p>\n","protected":false},"author":2,"featured_media":13436,"comment_status":"open","ping_status":"open","sticky":false,"template":"","format":"standard","meta":[],"categories":[5],"tags":[],"_links":{"self":[{"href":"https:\/\/dgospel.com.br\/portal\/index.php\/wp-json\/wp\/v2\/posts\/13435"}],"collection":[{"href":"https:\/\/dgospel.com.br\/portal\/index.php\/wp-json\/wp\/v2\/posts"}],"about":[{"href":"https:\/\/dgospel.com.br\/portal\/index.php\/wp-json\/wp\/v2\/types\/post"}],"author":[{"embeddable":true,"href":"https:\/\/dgospel.com.br\/portal\/index.php\/wp-json\/wp\/v2\/users\/2"}],"replies":[{"embeddable":true,"href":"https:\/\/dgospel.com.br\/portal\/index.php\/wp-json\/wp\/v2\/comments?post=13435"}],"version-history":[{"count":1,"href":"https:\/\/dgospel.com.br\/portal\/index.php\/wp-json\/wp\/v2\/posts\/13435\/revisions"}],"predecessor-version":[{"id":13437,"href":"https:\/\/dgospel.com.br\/portal\/index.php\/wp-json\/wp\/v2\/posts\/13435\/revisions\/13437"}],"wp:featuredmedia":[{"embeddable":true,"href":"https:\/\/dgospel.com.br\/portal\/index.php\/wp-json\/wp\/v2\/media\/13436"}],"wp:attachment":[{"href":"https:\/\/dgospel.com.br\/portal\/index.php\/wp-json\/wp\/v2\/media?parent=13435"}],"wp:term":[{"taxonomy":"category","embeddable":true,"href":"https:\/\/dgospel.com.br\/portal\/index.php\/wp-json\/wp\/v2\/categories?post=13435"},{"taxonomy":"post_tag","embeddable":true,"href":"https:\/\/dgospel.com.br\/portal\/index.php\/wp-json\/wp\/v2\/tags?post=13435"}],"curies":[{"name":"wp","href":"https:\/\/api.w.org\/{rel}","templated":true}]}}