{"id":13438,"date":"2022-11-16T22:47:19","date_gmt":"2022-11-17T01:47:19","guid":{"rendered":"http:\/\/dgospel.com.br\/portal\/?p=13438"},"modified":"2022-11-16T22:47:21","modified_gmt":"2022-11-17T01:47:21","slug":"historico-mega-manifestacao-em-brasilia-marca-o-feriado-da-proclamacao-da-republica","status":"publish","type":"post","link":"https:\/\/dgospel.com.br\/portal\/index.php\/2022\/11\/16\/historico-mega-manifestacao-em-brasilia-marca-o-feriado-da-proclamacao-da-republica\/","title":{"rendered":"Hist\u00f3rico: Mega manifesta\u00e7\u00e3o em Bras\u00edlia marca o feriado da Proclama\u00e7\u00e3o da Rep\u00fablica"},"content":{"rendered":"\n<p>O feriado da Proclama\u00e7\u00e3o da Rep\u00fablica nesta ter\u00e7a-feira (15), marca o 15\u00b0 dia de manifesta\u00e7\u00f5es ao redor do Brasil contra suposto fraude nas elei\u00e7\u00f5es deste ano e, a favor da liberdade. Em Bras\u00edlia, pessoas est\u00e3o acampadas em frente ao Quartel General do Ex\u00e9rcito, numa \u00e1rea chamada Setor Militar Urbano, desde o dia 30 de outubro, mas neste feriado, o n\u00famero de adeptos aumentou consideravelmente. De acordo com os participantes certa de 2 milh\u00f5es de pessoas participara das manifesta\u00e7\u00f5es de forma pac\u00edfica e ordeira na capital federal<\/p>\n\n\n\n<p>A Secretaria de Seguran\u00e7a P\u00fablica de Bras\u00edlia restringiu o tr\u00e2nsito na Esplanada dos Minist\u00e9rios. As manifesta\u00e7\u00f5es em Bras\u00edlia sempre foram mais comuns na Esplanada dos Minist\u00e9rios e no Congresso Nacional, mas esse movimento se difere dos outros por se concentrar nas \u00e1reas militares.<\/p>\n\n\n\n<p>O governo do Distrito Federal tamb\u00e9m impediu o acesso de pedestres \u00e0 Pra\u00e7a dos Tr\u00eas Poderes, onde fica a sede do Supremo Tribunal Federal (STF).<\/p>\n\n\n\n<p>Nas redes sociais circulam v\u00e1rios v\u00eddeos com registros das manifesta\u00e7\u00f5es pac\u00edficas.<\/p>\n\n\n\n<figure class=\"wp-block-embed is-type-video is-provider-youtube wp-block-embed-youtube wp-embed-aspect-4-3 wp-has-aspect-ratio\"><div class=\"wp-block-embed__wrapper\">\n<iframe loading=\"lazy\" title=\"Mega manifesta\u00e7\u00e3o em Bras\u00edlia\" width=\"630\" height=\"473\" src=\"https:\/\/www.youtube.com\/embed\/rr_nAb-FlME?feature=oembed\" frameborder=\"0\" allow=\"accelerometer; autoplay; clipboard-write; encrypted-media; gyroscope; picture-in-picture\" allowfullscreen><\/iframe>\n<\/div><\/figure>\n\n\n\n<p>No local, tamb\u00e9m chama aten\u00e7\u00e3o diversas tendas de ora\u00e7\u00e3o com pessoas ministrando cultos, fazendo a leitura da B\u00edblia. Caminhoneiros tamb\u00e9m realizaram um buzina\u00e7o na regi\u00e3o por cerca de 30 minutos. Uma motociata tamb\u00e9m foi realizada pelas vias de Bras\u00edlia pelos manifestantes.<\/p>\n\n\n\n<p>Militares n\u00e3o est\u00e3o agindo para impedir o cerco ao QG do Ex\u00e9rcito em Bras\u00edlia. Carros e integrantes da institui\u00e7\u00e3o circulam normalmente pela manifesta\u00e7\u00e3o. Soldados apenas refor\u00e7aram o entorno do quartel com cones e fitas de isolamento.&nbsp;<\/p>\n\n\n\n<p>Na \u00faltima sexta-feira (11), as For\u00e7as Armadas divulgaram uma nota conjunta na qual afirmam apoio \u00e0 democracia e ao estado democr\u00e1tico de direito, e dizem que as manifesta\u00e7\u00f5es que ocorrem ap\u00f3s as elei\u00e7\u00f5es s\u00e3o leg\u00edtimas e democr\u00e1ticas.<\/p>\n\n\n\n<p><strong>Manifestantes v\u00e3os \u00e0s ruas em diversas cidades do pa\u00eds<\/strong><\/p>\n\n\n\n<p>Em S\u00e3o Paulo, manifestantes se concentram em frente ao Comando Militar no Ibirapuera. Em Crici\u00fama, Santa Catarina, as pessoas sa\u00edram de casa no feriado para protestar em frente ao 28\u00b0 Grupo de Artilharia de Campanha (28\u00ba GAC). Em Curitiba, a concentra\u00e7\u00e3o ocorre em frente ao Quartel General do Ex\u00e9rcito em Pinheirinho. Em Belo Horizonte, Recife, Vit\u00f3ria e no Rio Grande do Sul tamb\u00e9m h\u00e1 grandes ajuntamentos. Em todos eles, o pedido \u00e9 un\u00e2nime: \u201cFor\u00e7as Armadas, salvem o Brasil\u201d.<\/p>\n\n\n\n<figure class=\"wp-block-image\"><img src=\"https:\/\/static.cdn.pleno.news\/2022\/11\/Screenshot_564.png\" alt=\"Manifestantes v\u00e3os \u00c0s ruas no feriado\" title=\"Manifestantes v\u00e3os \u00c0s ruas no feriado\"\/><figcaption>Manifestantes v\u00e3os \u00c0s ruas no feriado&nbsp;\/ Foto: Reprodu\u00e7\u00e3o\/Redes Sociais<\/figcaption><\/figure>\n\n\n\n<figure class=\"wp-block-image\"><img src=\"https:\/\/static.cdn.pleno.news\/2022\/11\/Screenshot_573-768x390.png\" alt=\"Manifestantes v\u00e3os \u00c0s ruas no feriado\" title=\"Manifestantes v\u00e3os \u00c0s ruas no feriado\"\/><figcaption>Manifestantes v\u00e3os \u00c0s ruas no feriado&nbsp;\/ Foto: Reprodu\u00e7\u00e3o\/Redes Sociais<\/figcaption><\/figure>\n\n\n\n<figure class=\"wp-block-image\"><img src=\"https:\/\/static.cdn.pleno.news\/2022\/11\/Screenshot_572.png\" alt=\"Manifestantes v\u00e3os \u00c0s ruas no feriado\" title=\"Manifestantes v\u00e3os \u00c0s ruas no feriado\"\/><figcaption>Manifestantes v\u00e3os \u00c0s ruas no feriado&nbsp;\/ Foto: Reprodu\u00e7\u00e3o\/Redes Sociais<\/figcaption><\/figure>\n\n\n\n<figure class=\"wp-block-image\"><img src=\"https:\/\/static.cdn.pleno.news\/2022\/11\/Screenshot_571.png\" alt=\"Manifestantes v\u00e3os \u00c0s ruas no feriado\" title=\"Manifestantes v\u00e3os \u00c0s ruas no feriado\"\/><figcaption>Manifestantes v\u00e3os \u00c0s ruas no feriado&nbsp;\/ Foto: Reprodu\u00e7\u00e3o\/Redes Sociais<\/figcaption><\/figure>\n\n\n\n<figure class=\"wp-block-image\"><img src=\"https:\/\/static.cdn.pleno.news\/2022\/11\/Screenshot_570.png\" alt=\"Manifestantes v\u00e3os \u00c0s ruas no feriado\" title=\"Manifestantes v\u00e3os \u00c0s ruas no feriado\"\/><figcaption>Manifestantes v\u00e3os \u00c0s ruas no feriado&nbsp;\/ Foto: Reprodu\u00e7\u00e3o\/Redes Sociais<\/figcaption><\/figure>\n\n\n\n<figure class=\"wp-block-image\"><img src=\"https:\/\/static.cdn.pleno.news\/2022\/11\/Screenshot_569.png\" alt=\"Manifestantes v\u00e3os \u00c0s ruas no feriado\" title=\"Manifestantes v\u00e3os \u00c0s ruas no feriado\"\/><figcaption>Manifestantes v\u00e3os \u00c0s ruas no feriado&nbsp;\/ Foto: Reprodu\u00e7\u00e3o\/Redes Sociais<\/figcaption><\/figure>\n\n\n\n<figure class=\"wp-block-image\"><img src=\"https:\/\/static.cdn.pleno.news\/2022\/11\/Screenshot_568-768x385.png\" alt=\"Manifestantes v\u00e3os \u00c0s ruas no feriado\" title=\"Manifestantes v\u00e3os \u00c0s ruas no feriado\"\/><figcaption>Manifestantes v\u00e3os \u00c0s ruas no feriado&nbsp;\/ Foto: Reprodu\u00e7\u00e3o\/Redes Sociais<\/figcaption><\/figure>\n\n\n\n<figure class=\"wp-block-image\"><img src=\"https:\/\/static.cdn.pleno.news\/2022\/11\/Screenshot_567.png\" alt=\"Manifestantes v\u00e3os \u00c0s ruas no feriado\" title=\"Manifestantes v\u00e3os \u00c0s ruas no feriado\"\/><figcaption>Manifestantes v\u00e3os \u00c0s ruas no feriado&nbsp;\/ Foto: Reprodu\u00e7\u00e3o\/Redes Sociais<\/figcaption><\/figure>\n\n\n\n<figure class=\"wp-block-image\"><img src=\"https:\/\/static.cdn.pleno.news\/2022\/11\/Screenshot_566.png\" alt=\"Manifestantes v\u00e3os \u00c0s ruas no feriado\" title=\"Manifestantes v\u00e3os \u00c0s ruas no feriado\"\/><figcaption>Manifestantes v\u00e3os \u00c0s ruas no feriado&nbsp;\/ Foto: Reprodu\u00e7\u00e3o\/Redes Sociais<\/figcaption><\/figure>\n\n\n\n<figure class=\"wp-block-image\"><img src=\"https:\/\/static.cdn.pleno.news\/2022\/11\/Screenshot_565.png\" alt=\"Manifestantes v\u00e3os \u00c0s ruas no feriado\" title=\"Manifestantes v\u00e3os \u00c0s ruas no feriado\"\/><figcaption>Manifestantes v\u00e3os \u00c0s ruas no feriado&nbsp;\/ Foto: Reprodu\u00e7\u00e3o\/Redes Sociais<\/figcaption><\/figure>\n\n\n\n<ul><li>1&nbsp;de 10<\/li><\/ul>\n","protected":false},"excerpt":{"rendered":"<p>O feriado da Proclama\u00e7\u00e3o da Rep\u00fablica nesta ter\u00e7a-feira (15), marca o 15\u00b0 dia de manifesta\u00e7\u00f5es ao redor do Brasil contra suposto fraude nas elei\u00e7\u00f5es deste ano e, a favor da liberdade. Em Bras\u00edlia, pessoas est\u00e3o acampadas em frente ao Quartel General do Ex\u00e9rcito, numa \u00e1rea chamada Setor Militar Urbano, desde o dia 30 de outubro, [&hellip;]<\/p>\n","protected":false},"author":2,"featured_media":13424,"comment_status":"open","ping_status":"open","sticky":false,"template":"","format":"standard","meta":[],"categories":[4],"tags":[13],"_links":{"self":[{"href":"https:\/\/dgospel.com.br\/portal\/index.php\/wp-json\/wp\/v2\/posts\/13438"}],"collection":[{"href":"https:\/\/dgospel.com.br\/portal\/index.php\/wp-json\/wp\/v2\/posts"}],"about":[{"href":"https:\/\/dgospel.com.br\/portal\/index.php\/wp-json\/wp\/v2\/types\/post"}],"author":[{"embeddable":true,"href":"https:\/\/dgospel.com.br\/portal\/index.php\/wp-json\/wp\/v2\/users\/2"}],"replies":[{"embeddable":true,"href":"https:\/\/dgospel.com.br\/portal\/index.php\/wp-json\/wp\/v2\/comments?post=13438"}],"version-history":[{"count":1,"href":"https:\/\/dgospel.com.br\/portal\/index.php\/wp-json\/wp\/v2\/posts\/13438\/revisions"}],"predecessor-version":[{"id":13439,"href":"https:\/\/dgospel.com.br\/portal\/index.php\/wp-json\/wp\/v2\/posts\/13438\/revisions\/13439"}],"wp:featuredmedia":[{"embeddable":true,"href":"https:\/\/dgospel.com.br\/portal\/index.php\/wp-json\/wp\/v2\/media\/13424"}],"wp:attachment":[{"href":"https:\/\/dgospel.com.br\/portal\/index.php\/wp-json\/wp\/v2\/media?parent=13438"}],"wp:term":[{"taxonomy":"category","embeddable":true,"href":"https:\/\/dgospel.com.br\/portal\/index.php\/wp-json\/wp\/v2\/categories?post=13438"},{"taxonomy":"post_tag","embeddable":true,"href":"https:\/\/dgospel.com.br\/portal\/index.php\/wp-json\/wp\/v2\/tags?post=13438"}],"curies":[{"name":"wp","href":"https:\/\/api.w.org\/{rel}","templated":true}]}}