{"id":1344,"date":"2018-09-16T23:32:59","date_gmt":"2018-09-17T02:32:59","guid":{"rendered":"http:\/\/dgospel.com.br\/portal\/?p=1344"},"modified":"2018-09-16T23:32:59","modified_gmt":"2018-09-17T02:32:59","slug":"eduardo-gomes-recebe-apoio-de-lideres-evangelicos-e-reafirma-compromisso-com-obras-sociais","status":"publish","type":"post","link":"https:\/\/dgospel.com.br\/portal\/index.php\/2018\/09\/16\/eduardo-gomes-recebe-apoio-de-lideres-evangelicos-e-reafirma-compromisso-com-obras-sociais\/","title":{"rendered":"Eduardo Gomes recebe apoio de l\u00edderes evang\u00e9licos e reafirma compromisso com obras sociais"},"content":{"rendered":"<p style=\"background: white; margin: 0cm 0cm 22.5pt 0cm;\"><span style=\"font-size: 13.0pt; font-family: 'Arial','sans-serif'; color: #555555;\">\u00a0<\/span><\/p>\n<p style=\"background: white; margin: 0cm 0cm 22.5pt 0cm;\"><span style=\"font-size: 13.0pt; font-family: 'Arial','sans-serif'; color: #555555;\">Ao receber o apoio da\u00a0<em style=\"box-sizing: border-box;\"><span style=\"font-family: 'Arial','sans-serif';\">Conven\u00e7\u00e3o de Igrejas e Ministros das Assembleias de Deus no Tocantins<\/span><\/em>\u00a0\u00a0&#8211; COIMADETINS, presidida pelo pastor Claudemir Lopes, e filiada \u00e0 CGADB &#8211;\u00a0\u00a0<em style=\"box-sizing: border-box;\"><span style=\"font-family: 'Arial','sans-serif';\">Conven\u00e7\u00e3o Geral das Assembleias de Deus no Brasil<\/span><\/em>, o candidato a senador\u00a0<em style=\"box-sizing: border-box;\"><span style=\"font-family: 'Arial','sans-serif';\">Eduardo Gomes<\/span><\/em>\u00a0(SD) reafirmou seu compromisso de apoiar e incentivar as obras sociais das igrejas e entidades privadas no estado.<\/span><\/p>\n<p style=\"background: white; box-sizing: border-box; font-variant-ligatures: normal; font-variant-caps: normal; orphans: 2; widows: 2; -webkit-text-stroke-width: 0px; text-decoration-style: initial; text-decoration-color: initial; word-spacing: 0px; margin: 0cm 0cm 22.5pt 0cm;\"><span style=\"font-size: 13.0pt; font-family: 'Arial','sans-serif'; color: #555555;\">Gomes citou como exemplos deste compromisso durante\u00a0sua carreira pol\u00edtica a cria\u00e7\u00e3o da Universidade da Maturidade &#8211; UMA e o incentivo \u00e0 Fazenda da Esperan\u00e7a.<\/span><\/p>\n<p style=\"background: white; box-sizing: border-box; font-variant-ligatures: normal; font-variant-caps: normal; orphans: 2; widows: 2; -webkit-text-stroke-width: 0px; text-decoration-style: initial; text-decoration-color: initial; word-spacing: 0px; margin: 0cm 0cm 22.5pt 0cm;\"><span style=\"font-size: 13.0pt; font-family: 'Arial','sans-serif'; color: #555555;\">Eduardo Gomes disse tamb\u00e9m que, como senador, vai atuar para que a igreja possa se organizar para fazer pol\u00edtica, corrigindo o que considera uma injusti\u00e7a hist\u00f3rica.<\/span><\/p>\n<p style=\"background: white; box-sizing: border-box; font-variant-ligatures: normal; font-variant-caps: normal; orphans: 2; widows: 2; -webkit-text-stroke-width: 0px; text-decoration-style: initial; text-decoration-color: initial; word-spacing: 0px; margin: 0cm 0cm 22.5pt 0cm;\"><span style=\"font-size: 13.0pt; font-family: 'Arial','sans-serif'; color: #555555;\">A COIMADETINS apoia tamb\u00e9m as candidaturas a deputado estadual de\u00a0<em style=\"box-sizing: border-box;\"><span style=\"font-family: 'Arial','sans-serif';\">H\u00e9lio Santana<\/span><\/em>\u00a0e a deputado federal do deputado estadual\u00a0<em style=\"box-sizing: border-box;\"><span style=\"font-family: 'Arial','sans-serif';\">Eli Borges<\/span><\/em>\u00a0e chapa majorit\u00e1ria da coliga\u00e7\u00e3o\u00a0<em style=\"box-sizing: border-box;\"><span style=\"font-family: 'Arial','sans-serif';\">Governo de Atitude<\/span><\/em>.<\/span><\/p>\n<p style=\"background: white; box-sizing: border-box; font-variant-ligatures: normal; font-variant-caps: normal; orphans: 2; widows: 2; -webkit-text-stroke-width: 0px; text-decoration-style: initial; text-decoration-color: initial; word-spacing: 0px; margin: 0cm 0cm 22.5pt 0cm;\"><span style=\"font-size: 13.0pt; font-family: 'Arial','sans-serif'; color: #555555;\">O pastor\u00a0<em style=\"box-sizing: border-box;\"><span style=\"font-family: 'Arial','sans-serif';\">Claudemir Lopes<\/span><\/em>\u00a0pediu aos l\u00edderes da conven\u00e7\u00e3o que &#8216;vistam a camisa&#8217;\u00a0e pe\u00e7am votos para os deputados e\u00a0candidatos a senador\u00a0<em style=\"box-sizing: border-box;\"><span style=\"font-family: 'Arial','sans-serif';\">Eduardo Gomes<\/span><\/em>\u00a0(SD) e C\u00e9sar Hallum (PRB), e tamb\u00e9m para a reelei\u00e7\u00e3o\u00a0do governador Mauro Carlesse. A COMAIDETINS tem 340 ministros filiados \u00e0 CGADB.<\/span><\/p>\n<p style=\"background: white; box-sizing: border-box; font-variant-ligatures: normal; font-variant-caps: normal; orphans: 2; widows: 2; -webkit-text-stroke-width: 0px; text-decoration-style: initial; text-decoration-color: initial; word-spacing: 0px; margin: 0cm 0cm 22.5pt 0cm;\"><span style=\"font-size: 13.0pt; font-family: 'Arial','sans-serif'; color: #555555;\">Ainda na noite de s\u00e1bado (15), Gomes participou de mais duas reuni\u00f5es: uma organizada pelo ex-vereador da capital Ad\u00e3o \u00cdndio, com jovens da igreja cat\u00f3lica, e outra com multiplicadores do candidato a deputado estadual Eduardo Holanda.<\/span><\/p>\n","protected":false},"excerpt":{"rendered":"<p>\u00a0 Ao receber o apoio da\u00a0Conven\u00e7\u00e3o de Igrejas e Ministros das Assembleias de Deus no Tocantins\u00a0\u00a0&#8211; COIMADETINS, presidida pelo pastor Claudemir Lopes, e filiada \u00e0 CGADB &#8211;\u00a0\u00a0Conven\u00e7\u00e3o Geral das Assembleias de Deus no Brasil, o candidato a senador\u00a0Eduardo Gomes\u00a0(SD) reafirmou seu compromisso de apoiar e incentivar as obras sociais das igrejas e entidades privadas no [&hellip;]<\/p>\n","protected":false},"author":2,"featured_media":1345,"comment_status":"open","ping_status":"open","sticky":false,"template":"","format":"standard","meta":[],"categories":[2,4],"tags":[],"_links":{"self":[{"href":"https:\/\/dgospel.com.br\/portal\/index.php\/wp-json\/wp\/v2\/posts\/1344"}],"collection":[{"href":"https:\/\/dgospel.com.br\/portal\/index.php\/wp-json\/wp\/v2\/posts"}],"about":[{"href":"https:\/\/dgospel.com.br\/portal\/index.php\/wp-json\/wp\/v2\/types\/post"}],"author":[{"embeddable":true,"href":"https:\/\/dgospel.com.br\/portal\/index.php\/wp-json\/wp\/v2\/users\/2"}],"replies":[{"embeddable":true,"href":"https:\/\/dgospel.com.br\/portal\/index.php\/wp-json\/wp\/v2\/comments?post=1344"}],"version-history":[{"count":1,"href":"https:\/\/dgospel.com.br\/portal\/index.php\/wp-json\/wp\/v2\/posts\/1344\/revisions"}],"predecessor-version":[{"id":1346,"href":"https:\/\/dgospel.com.br\/portal\/index.php\/wp-json\/wp\/v2\/posts\/1344\/revisions\/1346"}],"wp:featuredmedia":[{"embeddable":true,"href":"https:\/\/dgospel.com.br\/portal\/index.php\/wp-json\/wp\/v2\/media\/1345"}],"wp:attachment":[{"href":"https:\/\/dgospel.com.br\/portal\/index.php\/wp-json\/wp\/v2\/media?parent=1344"}],"wp:term":[{"taxonomy":"category","embeddable":true,"href":"https:\/\/dgospel.com.br\/portal\/index.php\/wp-json\/wp\/v2\/categories?post=1344"},{"taxonomy":"post_tag","embeddable":true,"href":"https:\/\/dgospel.com.br\/portal\/index.php\/wp-json\/wp\/v2\/tags?post=1344"}],"curies":[{"name":"wp","href":"https:\/\/api.w.org\/{rel}","templated":true}]}}