{"id":13443,"date":"2022-11-16T23:02:40","date_gmt":"2022-11-17T02:02:40","guid":{"rendered":"http:\/\/dgospel.com.br\/portal\/?p=13443"},"modified":"2022-11-16T23:02:41","modified_gmt":"2022-11-17T02:02:41","slug":"cop-27-governador-wanderlei-barbosa-aborda-bons-resultados-de-politicas-ambientais-e-enaltece-a-importancia-do-cerrado-para-governadores-de-10-paises","status":"publish","type":"post","link":"https:\/\/dgospel.com.br\/portal\/index.php\/2022\/11\/16\/cop-27-governador-wanderlei-barbosa-aborda-bons-resultados-de-politicas-ambientais-e-enaltece-a-importancia-do-cerrado-para-governadores-de-10-paises\/","title":{"rendered":"COP 27: Governador Wanderlei Barbosa aborda bons resultados de pol\u00edticas ambientais e enaltece a import\u00e2ncia do cerrado para governadores de 10 pa\u00edses"},"content":{"rendered":"\n<p>Ao debater a import\u00e2ncia das florestas e ecossistemas para o planeta, o governador do Tocantins, Wanderlei Barbosa, abordou a diversidade e import\u00e2ncia dos biomas tocantinenses, em especial o Cerrado. Tamb\u00e9m refor\u00e7ou que os resultados positivos das pol\u00edticas ambientais ajudaram nas negocia\u00e7\u00f5es de cr\u00e9dito de carbono no Estado. O Governador fez estas declara\u00e7\u00f5es nesta quarta-feira, 16, durante o painel \u201cMapeando a a\u00e7\u00e3o clim\u00e1tica subnacional por interm\u00e9dio da conserva\u00e7\u00e3o que beneficia as pessoas e o planeta\u201d, que reuniu os membros da For\u00e7a Tarefa dos Governadores para o Clima e Florestas \u2013 GCF, inst\u00e2ncia que re\u00fane 39 governadores de dez pa\u00edses.<\/p>\n\n\n\n<p>Esse painel faz parte da programa\u00e7\u00e3o da 27\u00aa edi\u00e7\u00e3o da Confer\u00eancia das Partes das Na\u00e7\u00f5es Unidas sobre Mudan\u00e7as Clim\u00e1ticas &#8211; COP 27, em Sharm el-Sheikh, no Egito. Participam do GCF governadores do Brasil, Estados Unidos, Col\u00f4mbia, Equador, Peru, M\u00e9xico, Espanha, Costa do Marfim, Nig\u00e9ria e Indon\u00e9sia, que ap\u00f3iam o esfor\u00e7o de redu\u00e7\u00e3o das emiss\u00f5es dos gases de efeito estufa e a promo\u00e7\u00e3o da inclus\u00e3o social.<\/p>\n\n\n\n<p><strong>Biomas tocantinenses<\/strong><\/p>\n\n\n\n<p>O Tocantins \u00e9 um estado formado por diferentes biomas, com predomin\u00e2ncia do Cerrado, entretanto 9% de seu territ\u00f3rio possui bioma Amaz\u00f4nia, conforme lembrou Wanderlei Barbosa no painel. O Governador tamb\u00e9m destacou as pol\u00edticas realizadas pelo Estado para proteger esses ecossistemas e melhorar os \u00edndices de redu\u00e7\u00e3o desmatamento ilegal. \u201cSomos o segundo estado da regi\u00e3o norte do Brasil que mais reduziu o desmatamento ilegal no ano passado. Al\u00e9m disso, temos tamb\u00e9m tr\u00eas grandes parques de prote\u00e7\u00e3o ambiental que est\u00e3o protegidos, onde n\u00e3o se pode fazer abertura para a agricultura. Com isso temos um territ\u00f3rio com mais de 70% da sua \u00e1rea ambientalmente protegida\u201d, destacou.&nbsp;<\/p>\n\n\n\n<p>Ainda durante o seu pronunciamento, Wanderlei Barbosa citou os projetos voltados para a redu\u00e7\u00e3o dos focos de inc\u00eandio, em especial no cerrado. \u201cReduzimos 34% dos focos de inc\u00eandio com a realiza\u00e7\u00e3o de campanhas de orienta\u00e7\u00e3o \u00e0s popula\u00e7\u00f5es tradicionais, ribeirinhas e rurais\u201d, destacou.&nbsp;<\/p>\n\n\n\n<p><strong>Cr\u00e9ditos de Carbono<\/strong><\/p>\n\n\n\n<p>O Governador tamb\u00e9m fez pontua\u00e7\u00f5es sobre as negocia\u00e7\u00f5es da elegibilidade e transa\u00e7\u00e3o de carbono florestal oriundo de Redu\u00e7\u00e3o de Emiss\u00f5es de Gases de Efeito Estufa Provenientes de Desmatamento e Degrada\u00e7\u00e3o Florestal (REDD+), ao ser questionado a respeito. \u201cEssas a\u00e7\u00f5es efetivas de prote\u00e7\u00e3o ambiental fazem com que as empresas se interessem pelos nossos produtos. Nossas negocia\u00e7\u00f5es com a Mercuria j\u00e1 est\u00e3o bastante evolu\u00eddas. Temos uma reuni\u00e3o muito importante amanh\u00e3 com a multinacional. Estamos tamb\u00e9m alinhando com as leis na Assembleia Legislativa do nosso Estado, para fortalecer essas a\u00e7\u00f5es e para que possamos receber mais recursos. J\u00e1 existe um pr\u00e9-acordo de R$ 15 milh\u00f5es para come\u00e7ar esse projeto\u201d, afirmou.<\/p>\n\n\n\n<p>Recentemente, o Governo do Tocantins publicou o resultado preliminar do edital de Chamamento P\u00fablico n\u00ba 001\/2022 para selecionar parceiros interessados em contribuir no processo de elegibilidade do Estado perante os padr\u00f5es internacionais e tamb\u00e9m adquirir cr\u00e9ditos de carbono florestal do Tocantins. A empresa que cumpriu os crit\u00e9rios exigidos e se classificou para a fase de negocia\u00e7\u00e3o foi a su\u00ed\u00e7a Mercuria Energy Trading.&nbsp;<\/p>\n\n\n\n<p><strong>GCF<\/strong><\/p>\n\n\n\n<p>O GCF \u00e9 uma for\u00e7a tarefa subnacional estabelecida com base em um memorando de entendimentos, assinado em 2008, que fornece a base para a coopera\u00e7\u00e3o em in\u00fameros assuntos relacionados \u00e0 pol\u00edtica clim\u00e1tica, financiamento, troca de tecnologia e pesquisa. Um total de 39 estados e prov\u00edncias do Brasil, Col\u00f4mbia, Costa do Marfim, Equador, Espanha, Estados Unidos, Indon\u00e9sia, M\u00e9xico, Nig\u00e9ria e Peru trabalham para construir programas jurisdicionais robustos que integrem pol\u00edticas de REDD+ e outras a\u00e7\u00f5es que reduzam as emiss\u00f5es de gases causadores do efeito estufa.<\/p>\n\n\n\n<p><img src=\"https:\/\/central.to.gov.br\/image\/308868?w=670&amp;h=383\"><\/p>\n\n\n\n<p>Governador Wanderlei Barbosa fez declara\u00e7\u00f5es durante painel que reuniu os membros da For\u00e7a Tarefa dos Governadores para o Clima e Florestas na COP 27 &#8211; Jo\u00e3o Di Pietro\/Governo do Tocantins\u00a0<\/p>\n\n\n\n<p><img src=\"https:\/\/central.to.gov.br\/image\/308870?w=670&amp;h=383\"><\/p>\n\n\n\n<p>O GCF \u00e9 uma for\u00e7a tarefa subnacional que re\u00fane 39 governadores de 10 pa\u00edses e que fornece a base para a coopera\u00e7\u00e3o em pol\u00edtica clim\u00e1tica, financiamento, troca de tecnologia e pesquisa &#8211; Jo\u00e3o Di Pietro\/Governo do Tocantins&nbsp;<\/p>\n","protected":false},"excerpt":{"rendered":"<p>Ao debater a import\u00e2ncia das florestas e ecossistemas para o planeta, o governador do Tocantins, Wanderlei Barbosa, abordou a diversidade e import\u00e2ncia dos biomas tocantinenses, em especial o Cerrado. Tamb\u00e9m refor\u00e7ou que os resultados positivos das pol\u00edticas ambientais ajudaram nas negocia\u00e7\u00f5es de cr\u00e9dito de carbono no Estado. O Governador fez estas declara\u00e7\u00f5es nesta quarta-feira, 16, [&hellip;]<\/p>\n","protected":false},"author":2,"featured_media":13444,"comment_status":"open","ping_status":"open","sticky":false,"template":"","format":"standard","meta":[],"categories":[3],"tags":[13],"_links":{"self":[{"href":"https:\/\/dgospel.com.br\/portal\/index.php\/wp-json\/wp\/v2\/posts\/13443"}],"collection":[{"href":"https:\/\/dgospel.com.br\/portal\/index.php\/wp-json\/wp\/v2\/posts"}],"about":[{"href":"https:\/\/dgospel.com.br\/portal\/index.php\/wp-json\/wp\/v2\/types\/post"}],"author":[{"embeddable":true,"href":"https:\/\/dgospel.com.br\/portal\/index.php\/wp-json\/wp\/v2\/users\/2"}],"replies":[{"embeddable":true,"href":"https:\/\/dgospel.com.br\/portal\/index.php\/wp-json\/wp\/v2\/comments?post=13443"}],"version-history":[{"count":1,"href":"https:\/\/dgospel.com.br\/portal\/index.php\/wp-json\/wp\/v2\/posts\/13443\/revisions"}],"predecessor-version":[{"id":13445,"href":"https:\/\/dgospel.com.br\/portal\/index.php\/wp-json\/wp\/v2\/posts\/13443\/revisions\/13445"}],"wp:featuredmedia":[{"embeddable":true,"href":"https:\/\/dgospel.com.br\/portal\/index.php\/wp-json\/wp\/v2\/media\/13444"}],"wp:attachment":[{"href":"https:\/\/dgospel.com.br\/portal\/index.php\/wp-json\/wp\/v2\/media?parent=13443"}],"wp:term":[{"taxonomy":"category","embeddable":true,"href":"https:\/\/dgospel.com.br\/portal\/index.php\/wp-json\/wp\/v2\/categories?post=13443"},{"taxonomy":"post_tag","embeddable":true,"href":"https:\/\/dgospel.com.br\/portal\/index.php\/wp-json\/wp\/v2\/tags?post=13443"}],"curies":[{"name":"wp","href":"https:\/\/api.w.org\/{rel}","templated":true}]}}