{"id":13452,"date":"2022-11-17T22:39:18","date_gmt":"2022-11-18T01:39:18","guid":{"rendered":"http:\/\/dgospel.com.br\/portal\/?p=13452"},"modified":"2022-11-17T22:39:18","modified_gmt":"2022-11-18T01:39:18","slug":"economistas-que-apoiaram-lula-criticam-o-petista-em-carta","status":"publish","type":"post","link":"https:\/\/dgospel.com.br\/portal\/index.php\/2022\/11\/17\/economistas-que-apoiaram-lula-criticam-o-petista-em-carta\/","title":{"rendered":"Economistas que apoiaram Lula criticam o petista em carta"},"content":{"rendered":"\n<p>As falas do presidente eleito Luiz In\u00e1cio Lula da Silva (PT) contra o mercado financeiro desagradaram economistas que o apoiaram.<\/p>\n\n\n\n<p>Arm\u00ednio Fraga, Edmar Bacha e Pedro Malan assinaram uma carta criticando o posicionamento do petista em rela\u00e7\u00e3o ao teto de gastos e \u00e0 PEC da Transi\u00e7\u00e3o.<\/p>\n\n\n\n<p>No texto, os economistas pontuam que temem o aumento das taxas de juros e do d\u00f3lar, pois isso pode gerar infla\u00e7\u00e3o.<\/p>\n\n\n\n<p>\u2013 \u00c9 preciso que n\u00e3o nos esque\u00e7amos que d\u00f3lar alto significa certo arrocho salarial, causado pela infla\u00e7\u00e3o que vem a reboque. Sabemos disso h\u00e1 d\u00e9cadas. Os sindicatos sabem \u2013 diz trecho da nota.<\/p>\n\n\n\n<p>E o texto continua:<\/p>\n\n\n\n<p>\u2013 O teto, hoje a caminho de passar de furado a buraco aberto, foi uma tentativa de for\u00e7ar uma organiza\u00e7\u00e3o de prioridades. Por que isso? Porque n\u00e3o d\u00e1 para fazer tudo ao mesmo tempo sem pressionar os pre\u00e7os e os juros. O mundo a\u00ed fora est\u00e1 repleto de exemplos disso \u2013 afirma.<\/p>\n\n\n\n<p><strong>LEIA NA \u00cdNTEGRA:<br><\/strong><em>Caro presidente eleito Lula,<\/em><\/p>\n\n\n\n<p><em>Assistimos a sua fala nesta quinta (17) cedo na COP27, no Egito. Acredite que compartilhamos de suas preocupa\u00e7\u00f5es sociais e civilizat\u00f3rias, a sua raz\u00e3o de viver. N\u00e3o d\u00e1 para conviver com tanta pobreza, desigualdade e fome aqui no Brasil.<\/em><\/p>\n\n\n\n<p><em>O desafio \u00e9 tomar provid\u00eancias que n\u00e3o criem problemas maiores do que os que queremos resolver.<\/em><\/p>\n\n\n\n<p><em>A alta do d\u00f3lar e a queda da Bolsa n\u00e3o s\u00e3o produto da a\u00e7\u00e3o de um grupo de especuladores mal-intencionados. A responsabilidade fiscal n\u00e3o \u00e9 um obst\u00e1culo ao nobre anseio de responsabilidade social, para j\u00e1 ou o quanto antes.<\/em><\/p>\n\n\n\n<p><em>O teto de gastos n\u00e3o tira dinheiro da educa\u00e7\u00e3o, da sa\u00fade, da cultura, para pagar juros a banqueiros gananciosos. N\u00e3o \u00e9 uma conspira\u00e7\u00e3o para desmontar a \u00e1rea social.<\/em><\/p>\n\n\n\n<p><em>Vejamos o porqu\u00ea.<\/em><\/p>\n\n\n\n<p><em>Uma economia depende de cr\u00e9dito para funcionar. O maior tomador de cr\u00e9dito na maioria dos pa\u00edses \u00e9 o governo. No Brasil o governo paga taxas de juros alt\u00edssimas. Por qu\u00ea? Porque n\u00e3o \u00e9 percebido como um bom devedor. Seja pela via de um eventual calote direto, seja atrav\u00e9s da infla\u00e7\u00e3o, como ocorreu recentemente.<\/em><\/p>\n\n\n\n<p><em>O mesmo receio que afeta as taxas de juros afeta tamb\u00e9m o d\u00f3lar. Imagino que seja motivo de grande frustra\u00e7\u00e3o ver isso tudo. Ser\u00e1 que o seu hist\u00f3rico de disciplina fiscal basta? A verdade \u00e9 que os discursos e nomea\u00e7\u00f5es recentes e a PEC (proposta de emenda \u00e0 Constitui\u00e7\u00e3o) ora em discuss\u00e3o sugerem que n\u00e3o basta. Desculpe-nos a franqueza. Como o senhor sabe, apoiamos a sua elei\u00e7\u00e3o e torcemos por um Brasil melhor e mais justo.<\/em><\/p>\n\n\n\n<p><em>\u00c9 preciso que se entenda que os juros, o d\u00f3lar e a Bolsa s\u00e3o o produto das a\u00e7\u00f5es de todos na economia, dentro e fora do Brasil, sobretudo do pr\u00f3prio governo. Muita gente s\u00e9ria e trabalhadora, presidente.<\/em><\/p>\n\n\n\n<p><em>\u00c9 preciso que n\u00e3o nos esque\u00e7amos que d\u00f3lar alto significa certo arrocho salarial, causado pela infla\u00e7\u00e3o que vem a reboque. Sabemos disso h\u00e1 d\u00e9cadas. Os sindicatos sabem.<\/em><\/p>\n\n\n\n<p><em>E tamb\u00e9m n\u00e3o custa lembrar que a Bolsa \u00e9 hoje uma fonte relevante de capital para investimento real, canal esse que anda entupido.<\/em><\/p>\n\n\n\n<p><em>S\u00e3o todos sintomas da perda de confian\u00e7a na moeda nacional, cuja manifesta\u00e7\u00e3o mais extrema \u00e9 a escalada da infla\u00e7\u00e3o. Quando o governo perde o seu cr\u00e9dito, a economia se arrebenta. Quando isso acontece, quem perde mais? Os pobres!<\/em><\/p>\n\n\n\n<p><em>O setor financeiro recebe juros, sim, mas presta servi\u00e7os e repassa boa parte dos juros para o resto da economia, que l\u00e1 deposita seus recursos.<\/em><\/p>\n\n\n\n<p><em>O teto, hoje a caminho de passar de furado a buraco aberto, foi uma tentativa de for\u00e7ar uma organiza\u00e7\u00e3o de prioridades. Por que isso? Porque n\u00e3o d\u00e1 para fazer tudo ao mesmo tempo sem pressionar os pre\u00e7os e os juros. O mundo a\u00ed fora est\u00e1 repleto de exemplos disso.<\/em><\/p>\n\n\n\n<p><em>Ent\u00e3o por que falta dinheiro para \u00e1reas de crucial impacto social? Porque, impl\u00edcita ou explicitamente, n\u00e3o se d\u00e1 prioridade a elas. Essa \u00e9 a realidade, que precisa ser encarada com transpar\u00eancia e coragem.<\/em><\/p>\n\n\n\n<p><em>O cr\u00e9dito p\u00fablico no Brasil est\u00e1 evaporando. Hora de tomar provid\u00eancias, sob pena de o povo outra vez tomar na cabe\u00e7a.<\/em><\/p>\n\n\n\n<p><em>Respeitosamente,<\/em><\/p>\n\n\n\n<p><em>Arm\u00ednio Fraga, Edmar Bacha e Pedro Malan<\/em><\/p>\n","protected":false},"excerpt":{"rendered":"<p>As falas do presidente eleito Luiz In\u00e1cio Lula da Silva (PT) contra o mercado financeiro desagradaram economistas que o apoiaram. Arm\u00ednio Fraga, Edmar Bacha e Pedro Malan assinaram uma carta criticando o posicionamento do petista em rela\u00e7\u00e3o ao teto de gastos e \u00e0 PEC da Transi\u00e7\u00e3o. No texto, os economistas pontuam que temem o aumento [&hellip;]<\/p>\n","protected":false},"author":2,"featured_media":13453,"comment_status":"open","ping_status":"open","sticky":false,"template":"","format":"standard","meta":[],"categories":[10],"tags":[],"_links":{"self":[{"href":"https:\/\/dgospel.com.br\/portal\/index.php\/wp-json\/wp\/v2\/posts\/13452"}],"collection":[{"href":"https:\/\/dgospel.com.br\/portal\/index.php\/wp-json\/wp\/v2\/posts"}],"about":[{"href":"https:\/\/dgospel.com.br\/portal\/index.php\/wp-json\/wp\/v2\/types\/post"}],"author":[{"embeddable":true,"href":"https:\/\/dgospel.com.br\/portal\/index.php\/wp-json\/wp\/v2\/users\/2"}],"replies":[{"embeddable":true,"href":"https:\/\/dgospel.com.br\/portal\/index.php\/wp-json\/wp\/v2\/comments?post=13452"}],"version-history":[{"count":1,"href":"https:\/\/dgospel.com.br\/portal\/index.php\/wp-json\/wp\/v2\/posts\/13452\/revisions"}],"predecessor-version":[{"id":13454,"href":"https:\/\/dgospel.com.br\/portal\/index.php\/wp-json\/wp\/v2\/posts\/13452\/revisions\/13454"}],"wp:featuredmedia":[{"embeddable":true,"href":"https:\/\/dgospel.com.br\/portal\/index.php\/wp-json\/wp\/v2\/media\/13453"}],"wp:attachment":[{"href":"https:\/\/dgospel.com.br\/portal\/index.php\/wp-json\/wp\/v2\/media?parent=13452"}],"wp:term":[{"taxonomy":"category","embeddable":true,"href":"https:\/\/dgospel.com.br\/portal\/index.php\/wp-json\/wp\/v2\/categories?post=13452"},{"taxonomy":"post_tag","embeddable":true,"href":"https:\/\/dgospel.com.br\/portal\/index.php\/wp-json\/wp\/v2\/tags?post=13452"}],"curies":[{"name":"wp","href":"https:\/\/api.w.org\/{rel}","templated":true}]}}