{"id":13455,"date":"2022-11-17T22:41:23","date_gmt":"2022-11-18T01:41:23","guid":{"rendered":"http:\/\/dgospel.com.br\/portal\/?p=13455"},"modified":"2022-11-17T22:41:24","modified_gmt":"2022-11-18T01:41:24","slug":"para-ex-diretor-do-bc-pec-de-transicao-e-um-desastre","status":"publish","type":"post","link":"https:\/\/dgospel.com.br\/portal\/index.php\/2022\/11\/17\/para-ex-diretor-do-bc-pec-de-transicao-e-um-desastre\/","title":{"rendered":"Para ex-diretor do BC, PEC de transi\u00e7\u00e3o \u00e9 um \u201cdesastre\u201d"},"content":{"rendered":"\n<p>O presidente do conselho de administra\u00e7\u00e3o da Jive e ex-diretor do Banco Central, Luiz Fernando Figueiredo, fez uma an\u00e1lise do cen\u00e1rio econ\u00f4mico que tem se desenhado no Brasil ap\u00f3s a elei\u00e7\u00e3o de Luiz In\u00e1cio Lula da Silva (PT). De acordo com ele, priorizar o social sem levar em conta a responsabilidade fiscal \u00e9 um equ\u00edvoco, gera instabilidade e acaba prejudicando os mais carentes.<\/p>\n\n\n\n<p>\u2013 \u00c9 um enorme equ\u00edvoco. Todos os pa\u00edses que acharam isso acabaram indo para o buraco, temos muitos exemplos na Am\u00e9rica Latina. (\u2026) Num pa\u00eds inst\u00e1vel a infla\u00e7\u00e3o \u00e9 muito alta. Quem mais perde com a infla\u00e7\u00e3o alta s\u00e3o os mais carentes, os desprotegidos. N\u00e3o adianta vir um gasto fiscal grande suficiente para gerar instabilidade que, no final das contas, \u00e9 ruim para os mais necessitados \u2013 avaliou Figueiredo, em entrevista \u00e0 CNN Brasil.<\/p>\n\n\n\n<p>Para o ex-diretor do BC, a estabilidade fiscal e o crescimento s\u00e3o pressupostos para fazer boas pol\u00edticas p\u00fablicas e sociais.<\/p>\n\n\n\n<p>Figueiredo ainda rebateu a declara\u00e7\u00e3o de Lula sobre o mercado ser composto por meros \u201cespeculadores\u201d.<\/p>\n\n\n\n<p>\u2013 Aqueles que acham que s\u00e3o um bando de especuladores, no final das contas, s\u00e3o os pa\u00edses que est\u00e3o nos maiores problemas que temos no mundo. Aqueles que levaram a s\u00e9rio os sinais dos agentes econ\u00f4micos foram para a trajet\u00f3ria correta. Agora, quem acha que s\u00e3o especuladores, vai para caminho como a Venezuela e Argentina \u2013 ponderou.<\/p>\n\n\n\n<p>Figueiredo, entretanto, acredita que o Congresso deve reduzir o valor previsto pela PEC de Transi\u00e7\u00e3o.<\/p>\n\n\n\n<p>\u2013 N\u00e3o acho que o tamanho da PEC est\u00e1 dado. Ela est\u00e1 em quase R$ 200 bilh\u00f5es, e eu acredito que um n\u00famero como esse n\u00e3o vai passar. \u00c9 mais prov\u00e1vel que fique perto dos R$ 100 bilh\u00f5es (\u2026). O Congresso tem toda raz\u00e3o em dizer que n\u00e3o \u00e9 poss\u00edvel ter esse \u201cwaver\u201d por v\u00e1rios anos. Uma coisa \u00e9 ser de um ano, para que, nesse per\u00edodo, o governo fa\u00e7a todas as coisas necess\u00e1rias para poder ter um gasto social maior, eventualmente at\u00e9 subir a carga tribut\u00e1ria. O que n\u00e3o d\u00e1 \u00e9 entregar esse cheque em branco desse tamanho por todo o mandato \u2013 analisou.<\/p>\n","protected":false},"excerpt":{"rendered":"<p>O presidente do conselho de administra\u00e7\u00e3o da Jive e ex-diretor do Banco Central, Luiz Fernando Figueiredo, fez uma an\u00e1lise do cen\u00e1rio econ\u00f4mico que tem se desenhado no Brasil ap\u00f3s a elei\u00e7\u00e3o de Luiz In\u00e1cio Lula da Silva (PT). De acordo com ele, priorizar o social sem levar em conta a responsabilidade fiscal \u00e9 um equ\u00edvoco, [&hellip;]<\/p>\n","protected":false},"author":2,"featured_media":13456,"comment_status":"open","ping_status":"open","sticky":false,"template":"","format":"standard","meta":[],"categories":[10],"tags":[],"_links":{"self":[{"href":"https:\/\/dgospel.com.br\/portal\/index.php\/wp-json\/wp\/v2\/posts\/13455"}],"collection":[{"href":"https:\/\/dgospel.com.br\/portal\/index.php\/wp-json\/wp\/v2\/posts"}],"about":[{"href":"https:\/\/dgospel.com.br\/portal\/index.php\/wp-json\/wp\/v2\/types\/post"}],"author":[{"embeddable":true,"href":"https:\/\/dgospel.com.br\/portal\/index.php\/wp-json\/wp\/v2\/users\/2"}],"replies":[{"embeddable":true,"href":"https:\/\/dgospel.com.br\/portal\/index.php\/wp-json\/wp\/v2\/comments?post=13455"}],"version-history":[{"count":1,"href":"https:\/\/dgospel.com.br\/portal\/index.php\/wp-json\/wp\/v2\/posts\/13455\/revisions"}],"predecessor-version":[{"id":13457,"href":"https:\/\/dgospel.com.br\/portal\/index.php\/wp-json\/wp\/v2\/posts\/13455\/revisions\/13457"}],"wp:featuredmedia":[{"embeddable":true,"href":"https:\/\/dgospel.com.br\/portal\/index.php\/wp-json\/wp\/v2\/media\/13456"}],"wp:attachment":[{"href":"https:\/\/dgospel.com.br\/portal\/index.php\/wp-json\/wp\/v2\/media?parent=13455"}],"wp:term":[{"taxonomy":"category","embeddable":true,"href":"https:\/\/dgospel.com.br\/portal\/index.php\/wp-json\/wp\/v2\/categories?post=13455"},{"taxonomy":"post_tag","embeddable":true,"href":"https:\/\/dgospel.com.br\/portal\/index.php\/wp-json\/wp\/v2\/tags?post=13455"}],"curies":[{"name":"wp","href":"https:\/\/api.w.org\/{rel}","templated":true}]}}