{"id":13458,"date":"2022-11-17T22:52:33","date_gmt":"2022-11-18T01:52:33","guid":{"rendered":"http:\/\/dgospel.com.br\/portal\/?p=13458"},"modified":"2022-11-17T22:52:34","modified_gmt":"2022-11-18T01:52:34","slug":"ibovespa-perde-r-215-bi-em-valor-de-mercado-com-risco-de-gastos-acima-do-teto","status":"publish","type":"post","link":"https:\/\/dgospel.com.br\/portal\/index.php\/2022\/11\/17\/ibovespa-perde-r-215-bi-em-valor-de-mercado-com-risco-de-gastos-acima-do-teto\/","title":{"rendered":"Ibovespa perde R$ 215 bi em valor de mercado com risco de gastos acima do teto"},"content":{"rendered":"\n<p>O&nbsp;<a href=\"http:\/\/xn--pec%20da%20transio%20aumenta%20dvida%20pblica%20e%20pode%20resultar%20em%20alta%20da%20inflao-nvh9e9qucx2ay5b\/\"><strong>risco de gastos acima do teto<\/strong><\/a>&nbsp;e a falta de controle fiscal fizeram o Ibovespa, \u00edndice que re\u00fane as maiores empresas listadas na B3, a Bolsa de Valores brasileira, perder R$ 215 bilh\u00f5es em valor de mercado desde o \u00faltimo dia 28 de outubro. Segundo c\u00e1lculo da consultoria TradeMap, as a\u00e7\u00f5es desabaram ap\u00f3s o segundo turno das elei\u00e7\u00f5es.<\/p>\n\n\n\n<p>O levantamento considera a varia\u00e7\u00e3o no valor de mercado de cada uma das companhias que integram o \u00edndice. O valor seria suficiente para bancar os programas sociais do novo governo.<\/p>\n\n\n\n<p>Nesta quinta-feira (17), o mercado reagiu novamente \u00e0 proposta de furo do teto de gastos para o pagamento do Bolsa Fam\u00edlia e \u00e0s declara\u00e7\u00f5es do presidente eleito, Luiz In\u00e1cio Lula da Silva, sobre a rea\u00e7\u00e3o dos mercados a medidas de flexibiliza\u00e7\u00e3o fiscal.<\/p>\n\n\n\n<p>A Proposta de Emenda \u00e0 Constitui\u00e7\u00e3o da Transi\u00e7\u00e3o, a chamada PEC do estouro, derrubou mais uma vez as a\u00e7\u00f5es e provocou a alta do d\u00f3lar. O Ibovespa chegou a cair 2,49%, aos 107.496,57 pontos, \u00e0s 13h42, enquanto o d\u00f3lar operava com alta de 1,29%, a R$ 5,47.<\/p>\n\n\n\n<p>A proposta, apresentada ao Congresso pelo vice-presidente eleito e coordenador da transi\u00e7\u00e3o, Geraldo Alckmin (PSB), na noite da quarta-feira (16), visa abrir espa\u00e7o no Or\u00e7amento de 2023 para a manuten\u00e7\u00e3o de programas de transfer\u00eancia de renda. Mas sem sinalizar um novo controle fiscal das contas p\u00fablicas.<\/p>\n\n\n\n<p>A inten\u00e7\u00e3o \u00e9 permitir a continuidade do pagamento do valor de R$ 600, mais uma parcela extra de R$ 150 para cada crian\u00e7a abaixo de 6 anos \u2014 conforme prometido pelo presidente eleito, Luiz In\u00e1cio Lula da Silva (PT), na campanha.\u00a0<\/p>\n\n\n\n<p>Al\u00e9m de tirar o programa Bolsa Fam\u00edlia do teto de gastos por prazo indeterminado, num acr\u00e9scimo de R$ 175 bilh\u00f5es nas despesas, a PEC estipulou que parte das receitas decorrentes de eventual excesso de arrecada\u00e7\u00e3o ser\u00e1 alocada para investimentos p\u00fablicos, abrindo espa\u00e7o em 2023 para mais R$ 23 bilh\u00f5es em gastos, tamb\u00e9m fora da regra do teto.<\/p>\n","protected":false},"excerpt":{"rendered":"<p>O&nbsp;risco de gastos acima do teto&nbsp;e a falta de controle fiscal fizeram o Ibovespa, \u00edndice que re\u00fane as maiores empresas listadas na B3, a Bolsa de Valores brasileira, perder R$ 215 bilh\u00f5es em valor de mercado desde o \u00faltimo dia 28 de outubro. Segundo c\u00e1lculo da consultoria TradeMap, as a\u00e7\u00f5es desabaram ap\u00f3s o segundo turno [&hellip;]<\/p>\n","protected":false},"author":2,"featured_media":13459,"comment_status":"open","ping_status":"open","sticky":false,"template":"","format":"standard","meta":[],"categories":[10],"tags":[13],"_links":{"self":[{"href":"https:\/\/dgospel.com.br\/portal\/index.php\/wp-json\/wp\/v2\/posts\/13458"}],"collection":[{"href":"https:\/\/dgospel.com.br\/portal\/index.php\/wp-json\/wp\/v2\/posts"}],"about":[{"href":"https:\/\/dgospel.com.br\/portal\/index.php\/wp-json\/wp\/v2\/types\/post"}],"author":[{"embeddable":true,"href":"https:\/\/dgospel.com.br\/portal\/index.php\/wp-json\/wp\/v2\/users\/2"}],"replies":[{"embeddable":true,"href":"https:\/\/dgospel.com.br\/portal\/index.php\/wp-json\/wp\/v2\/comments?post=13458"}],"version-history":[{"count":1,"href":"https:\/\/dgospel.com.br\/portal\/index.php\/wp-json\/wp\/v2\/posts\/13458\/revisions"}],"predecessor-version":[{"id":13460,"href":"https:\/\/dgospel.com.br\/portal\/index.php\/wp-json\/wp\/v2\/posts\/13458\/revisions\/13460"}],"wp:featuredmedia":[{"embeddable":true,"href":"https:\/\/dgospel.com.br\/portal\/index.php\/wp-json\/wp\/v2\/media\/13459"}],"wp:attachment":[{"href":"https:\/\/dgospel.com.br\/portal\/index.php\/wp-json\/wp\/v2\/media?parent=13458"}],"wp:term":[{"taxonomy":"category","embeddable":true,"href":"https:\/\/dgospel.com.br\/portal\/index.php\/wp-json\/wp\/v2\/categories?post=13458"},{"taxonomy":"post_tag","embeddable":true,"href":"https:\/\/dgospel.com.br\/portal\/index.php\/wp-json\/wp\/v2\/tags?post=13458"}],"curies":[{"name":"wp","href":"https:\/\/api.w.org\/{rel}","templated":true}]}}