{"id":13461,"date":"2022-11-18T10:39:18","date_gmt":"2022-11-18T13:39:18","guid":{"rendered":"http:\/\/dgospel.com.br\/portal\/?p=13461"},"modified":"2022-11-18T10:39:19","modified_gmt":"2022-11-18T13:39:19","slug":"desastre-pec-pode-gerar-deficit-ate-2026-e-aumentar-divida-publica","status":"publish","type":"post","link":"https:\/\/dgospel.com.br\/portal\/index.php\/2022\/11\/18\/desastre-pec-pode-gerar-deficit-ate-2026-e-aumentar-divida-publica\/","title":{"rendered":"Desastre:\u00a0 PEC pode gerar d\u00e9ficit at\u00e9 2026 e aumentar d\u00edvida p\u00fablica"},"content":{"rendered":"\n<p>A chamada&nbsp;<a href=\"https:\/\/pleno.news\/tag\/pec-da-transicao\" target=\"_blank\" rel=\"noreferrer noopener\">PEC da Transi\u00e7\u00e3o<\/a>&nbsp;sequer come\u00e7ou a tramitar no Congresso Nacional e j\u00e1 demonstra que causar\u00e1 um impacto gigante na economia nos pr\u00f3ximos anos. Especialistas estimam que a medida tem potencial de gerar um rombo nas contas p\u00fablicas que deve se estender at\u00e9 o fim do mandato do pr\u00f3ximo governo, em 2026.<\/p>\n\n\n\n<p>A Proposta de Emenda \u00e0 Constitui\u00e7\u00e3o (PEC) apresentada pelo governo eleito para viabilizar o pagamento do Bolsa Fam\u00edlia de R$ 600 exclui quase R$ 200 bilh\u00f5es do teto de gastos, regra que impede o crescimento desenfreado das despesas p\u00fablicas. Por conta disso, o aumento desses gastos poderia acarretar sucessivos d\u00e9ficits na pr\u00f3xima gest\u00e3o.<\/p>\n\n\n\n<p>Com um quadro de d\u00e9ficits consecutivos nos pr\u00f3ximos anos, consequ\u00eancias como endividamento maior, amplia\u00e7\u00e3o da infla\u00e7\u00e3o e dos juros, al\u00e9m de redu\u00e7\u00e3o nos investimentos e no crescimento econ\u00f4mico poder\u00e3o facilmente surgir. Nesse cen\u00e1rio, as falas do presidente eleito&nbsp;<a href=\"https:\/\/pleno.news\/tag\/lula\" target=\"_blank\" rel=\"noreferrer noopener\">Luiz In\u00e1cio Lula da Silva<\/a>&nbsp;(PT) na COP27 nesta semana pioraram ainda mais a situa\u00e7\u00e3o.<\/p>\n\n\n\n<p>Pela segunda vez em menos de 10 dias, Lula criticou o teto de gastos, o que causou impacto quase imediato no humor do mercado, que chegou a ser amenizado ao fim do preg\u00e3o com o an\u00fancio da sa\u00edda do ex-ministro da Fazenda Guido Mantega da equipe de transi\u00e7\u00e3o.<\/p>\n\n\n\n<p>No evento, Lula disse que n\u00e3o adianta s\u00f3 pensar em dado fiscal e que tudo que a regra faz \u00e9 \u201ctirar dinheiro da sa\u00fade, da educa\u00e7\u00e3o, da cultura\u201d.<\/p>\n\n\n\n<p>\u2013 Voc\u00ea tenta desmontar tudo aquilo que faz parte do social e n\u00e3o tira um centavo do sistema financeiro. Se eu falar isso, vai cair a Bolsa, o d\u00f3lar vai aumentar? Paci\u00eancia. O d\u00f3lar n\u00e3o aumenta e a Bolsa n\u00e3o cai por conta das pessoas s\u00e9rias, mas por conta dos especuladores que vivem especulando todo santo dia \u2013 afirmou.<\/p>\n\n\n\n<p>De acordo com analistas, a PEC pode fazer com que o endividamento se aproxime de 100% do Produto Interno Bruto (PIB) ao fim do mandato de Lula. As preocupa\u00e7\u00f5es est\u00e3o, al\u00e9m do custo, no prazo indefinido e na falta de transpar\u00eancia quanto ao uso dos recursos.<\/p>\n\n\n\n<p>Atualmente, a d\u00edvida brasileira \u00e9 de 77,1% do PIB, mas para Caio Megale, economista-chefe da XP Investimentos, retirar tanto dinheiro do teto de gastos pode provocar aumento acelerado da d\u00edvida bruta, que pode crescer a um patamar superior a 100%.<\/p>\n\n\n\n<p>\u2013 Todos esperavam uma despesa de R$ 70 bilh\u00f5es com o Bolsa Fam\u00edlia, mas o tamanho da conta \u00e9 de mais de R$ 200 bilh\u00f5es. Se a d\u00edvida cresce, ou o governo sobe impostos ou gera infla\u00e7\u00e3o \u2013 disse Megale ao jornal O Globo.<\/p>\n\n\n\n<p>J\u00e1 para Jeferson Bittencourt, ex-secret\u00e1rio do Tesouro e economista do ASA Investments, uma eventual aprova\u00e7\u00e3o da proposta de Lula pode resultar em um d\u00e9ficit fiscal de 2,6% do PIB em 2023, devido ao aumento de gastos, perdendo s\u00f3 para 2020, quando o rombo foi de 10% do PIB, mas em um ano que foi o mais intenso da pandemia.<\/p>\n\n\n\n<p>Em defesa da nova gest\u00e3o, o vice-presidente eleito Geraldo Alckmin lembrou que Lula assumiu em 2003 com as contas no azul e ressaltou que o novo governo ter\u00e1 super\u00e1vit, mas que isso n\u00e3o acontecer\u00e1 neste momento.<\/p>\n\n\n\n<p>\u2013 Haver\u00e1 super\u00e1vit prim\u00e1rio e redu\u00e7\u00e3o da d\u00edvida, mas isso n\u00e3o se faz em 24 horas, se faz no tempo. N\u00e3o h\u00e1 raz\u00e3o para ter esse estresse \u2013 completou.<\/p>\n","protected":false},"excerpt":{"rendered":"<p>A chamada&nbsp;PEC da Transi\u00e7\u00e3o&nbsp;sequer come\u00e7ou a tramitar no Congresso Nacional e j\u00e1 demonstra que causar\u00e1 um impacto gigante na economia nos pr\u00f3ximos anos. Especialistas estimam que a medida tem potencial de gerar um rombo nas contas p\u00fablicas que deve se estender at\u00e9 o fim do mandato do pr\u00f3ximo governo, em 2026. A Proposta de Emenda [&hellip;]<\/p>\n","protected":false},"author":2,"featured_media":13462,"comment_status":"open","ping_status":"open","sticky":false,"template":"","format":"standard","meta":[],"categories":[4],"tags":[],"_links":{"self":[{"href":"https:\/\/dgospel.com.br\/portal\/index.php\/wp-json\/wp\/v2\/posts\/13461"}],"collection":[{"href":"https:\/\/dgospel.com.br\/portal\/index.php\/wp-json\/wp\/v2\/posts"}],"about":[{"href":"https:\/\/dgospel.com.br\/portal\/index.php\/wp-json\/wp\/v2\/types\/post"}],"author":[{"embeddable":true,"href":"https:\/\/dgospel.com.br\/portal\/index.php\/wp-json\/wp\/v2\/users\/2"}],"replies":[{"embeddable":true,"href":"https:\/\/dgospel.com.br\/portal\/index.php\/wp-json\/wp\/v2\/comments?post=13461"}],"version-history":[{"count":1,"href":"https:\/\/dgospel.com.br\/portal\/index.php\/wp-json\/wp\/v2\/posts\/13461\/revisions"}],"predecessor-version":[{"id":13463,"href":"https:\/\/dgospel.com.br\/portal\/index.php\/wp-json\/wp\/v2\/posts\/13461\/revisions\/13463"}],"wp:featuredmedia":[{"embeddable":true,"href":"https:\/\/dgospel.com.br\/portal\/index.php\/wp-json\/wp\/v2\/media\/13462"}],"wp:attachment":[{"href":"https:\/\/dgospel.com.br\/portal\/index.php\/wp-json\/wp\/v2\/media?parent=13461"}],"wp:term":[{"taxonomy":"category","embeddable":true,"href":"https:\/\/dgospel.com.br\/portal\/index.php\/wp-json\/wp\/v2\/categories?post=13461"},{"taxonomy":"post_tag","embeddable":true,"href":"https:\/\/dgospel.com.br\/portal\/index.php\/wp-json\/wp\/v2\/tags?post=13461"}],"curies":[{"name":"wp","href":"https:\/\/api.w.org\/{rel}","templated":true}]}}