{"id":13469,"date":"2022-11-18T15:08:58","date_gmt":"2022-11-18T18:08:58","guid":{"rendered":"http:\/\/dgospel.com.br\/portal\/?p=13469"},"modified":"2022-11-18T15:08:59","modified_gmt":"2022-11-18T18:08:59","slug":"secom-desmente-denuncia-feita-por-andre-janones-inveridica","status":"publish","type":"post","link":"https:\/\/dgospel.com.br\/portal\/index.php\/2022\/11\/18\/secom-desmente-denuncia-feita-por-andre-janones-inveridica\/","title":{"rendered":"Secom desmente den\u00fancia feita por Andr\u00e9 Janones: \u201cInver\u00eddica\u201d"},"content":{"rendered":"\n<p>A Secom (Secretaria Especial de Comunica\u00e7\u00e3o Social) emitiu uma nota desmentindo uma den\u00fancia feita pelo deputado federal Andr\u00e9 Janones (Avante-MG). Ele havia acusado o governo de fraude contratual na compra de 15 mil bandeiras para o feriado do dia 7 de Setembro.<\/p>\n\n\n\n<p>De acordo com o \u00f3rg\u00e3o, as fl\u00e2mulas foram adquiridas para crian\u00e7as celebrarem o Bicenten\u00e1rio da Independ\u00eancia durante o desfile c\u00edvico. A Secom nega que o valor das bandeiras tenha sido de R$ 4,7 milh\u00f5es, mas sim de apenas 3% do total apontado por Janones.<\/p>\n\n\n\n<p>\u2013 Elas [bandeiras] representaram apenas um dos itens contratados para a celebra\u00e7\u00e3o do dia do Bicenten\u00e1rio e destinaram-se \u00e0 distribui\u00e7\u00e3o, preferencial, \u00e0s crian\u00e7as que compareceram ao desfile c\u00edvico, num claro objetivo de incentivar e cultivar, desde a mais tenra idade, os sentimentos de amor \u00e0 P\u00e1tria \u2013 assinalou a pasta, em nota.<\/p>\n\n\n\n<p>A secretaria esclarece que o valor total indicado pelo parlamentar contemplava n\u00e3o somente as bandeiras, mas todos os investimentos relacionados \u00e0 estrutura do evento que celebrava os 200 anos de Independ\u00eancia. Na avalia\u00e7\u00e3o da Secom, Janones fez uma \u201cleitura rasa\u201d do documento.<\/p>\n\n\n\n<p>O \u00f3rg\u00e3o refor\u00e7ou ainda que todos os contratos ocorreram conforme a lei e com transpar\u00eancia.<\/p>\n\n\n\n<p>\u2013 Os objetos de contrata\u00e7\u00e3o s\u00e3o claramente definidos e os valores s\u00e3o parametrizados em pesquisas de pre\u00e7os no mercado, de modo a garantir a efici\u00eancia do gasto p\u00fablico e a observ\u00e2ncia dos princ\u00edpios administrativos previstos na Constitui\u00e7\u00e3o Federal. Ademais, todos os contratos s\u00e3o submetidos ao crivo dos \u00f3rg\u00e3os de controle interno ou externo \u2013 diz a nota.<\/p>\n","protected":false},"excerpt":{"rendered":"<p>A Secom (Secretaria Especial de Comunica\u00e7\u00e3o Social) emitiu uma nota desmentindo uma den\u00fancia feita pelo deputado federal Andr\u00e9 Janones (Avante-MG). Ele havia acusado o governo de fraude contratual na compra de 15 mil bandeiras para o feriado do dia 7 de Setembro. De acordo com o \u00f3rg\u00e3o, as fl\u00e2mulas foram adquiridas para crian\u00e7as celebrarem o [&hellip;]<\/p>\n","protected":false},"author":2,"featured_media":13470,"comment_status":"open","ping_status":"open","sticky":false,"template":"","format":"standard","meta":[],"categories":[10],"tags":[],"_links":{"self":[{"href":"https:\/\/dgospel.com.br\/portal\/index.php\/wp-json\/wp\/v2\/posts\/13469"}],"collection":[{"href":"https:\/\/dgospel.com.br\/portal\/index.php\/wp-json\/wp\/v2\/posts"}],"about":[{"href":"https:\/\/dgospel.com.br\/portal\/index.php\/wp-json\/wp\/v2\/types\/post"}],"author":[{"embeddable":true,"href":"https:\/\/dgospel.com.br\/portal\/index.php\/wp-json\/wp\/v2\/users\/2"}],"replies":[{"embeddable":true,"href":"https:\/\/dgospel.com.br\/portal\/index.php\/wp-json\/wp\/v2\/comments?post=13469"}],"version-history":[{"count":1,"href":"https:\/\/dgospel.com.br\/portal\/index.php\/wp-json\/wp\/v2\/posts\/13469\/revisions"}],"predecessor-version":[{"id":13471,"href":"https:\/\/dgospel.com.br\/portal\/index.php\/wp-json\/wp\/v2\/posts\/13469\/revisions\/13471"}],"wp:featuredmedia":[{"embeddable":true,"href":"https:\/\/dgospel.com.br\/portal\/index.php\/wp-json\/wp\/v2\/media\/13470"}],"wp:attachment":[{"href":"https:\/\/dgospel.com.br\/portal\/index.php\/wp-json\/wp\/v2\/media?parent=13469"}],"wp:term":[{"taxonomy":"category","embeddable":true,"href":"https:\/\/dgospel.com.br\/portal\/index.php\/wp-json\/wp\/v2\/categories?post=13469"},{"taxonomy":"post_tag","embeddable":true,"href":"https:\/\/dgospel.com.br\/portal\/index.php\/wp-json\/wp\/v2\/tags?post=13469"}],"curies":[{"name":"wp","href":"https:\/\/api.w.org\/{rel}","templated":true}]}}