{"id":1347,"date":"2018-09-18T08:56:35","date_gmt":"2018-09-18T11:56:35","guid":{"rendered":"http:\/\/dgospel.com.br\/portal\/?p=1347"},"modified":"2018-09-18T08:56:35","modified_gmt":"2018-09-18T11:56:35","slug":"candidatura-de-halum-ao-senado-ganha-adesao-de-norte-ao-sul-do-tocantins","status":"publish","type":"post","link":"https:\/\/dgospel.com.br\/portal\/index.php\/2018\/09\/18\/candidatura-de-halum-ao-senado-ganha-adesao-de-norte-ao-sul-do-tocantins\/","title":{"rendered":"Candidatura de Halum ao Senado ganha ades\u00e3o de Norte ao Sul do Tocantins"},"content":{"rendered":"<p>A candidatura de C\u00e9sar Halum (PRB) ao Senado Federal, pela coliga\u00e7\u00e3o \u201cGoverno de Atitude\u201d, vem conquistando ades\u00f5es de diversos segmentos da sociedade civil organizada, institui\u00e7\u00f5es religiosas, de ensino, l\u00edderes pol\u00edticos, prefeitos, vereadores dentre outros.<\/p>\n<p>&nbsp;<\/p>\n<p>Um dos maiores l\u00edderes evang\u00e9licos do estado, o deputado estadual, Eli Borges (SD) e candidato a deputado federal publicou nas redes sociais um v\u00eddeo declarando apoio a Halum. Na sexta-feira, 14, ele participou de um evento organizado por grupos religiosos, em Palmas.<\/p>\n<p>&nbsp;<\/p>\n<p>\u201cPelo fruto se conhece a \u00e1rvore. Estou apoiando C\u00e9sar Halum para o Senado Federal porque conhe\u00e7o o C\u00e9sar, fomos colegas de parlamento na Assembleia Legislativa, conhe\u00e7o como deputado federal, na bancada que defende \u00e0 fam\u00edlia em Bras\u00edlia. Muitas vezes interferi fazendo liga\u00e7\u00f5es e ele correspondeu. Portanto, tem o meu apoio para senador, C\u00e9sar Halum\u201d, declara.<\/p>\n<p>&nbsp;<\/p>\n<p>\u201cAbracei o projeto para eleger C\u00e9sar Halum, senador, e convido voc\u00ea para abra\u00e7ar esse projeto tamb\u00e9m, porque C\u00e9sar Halum tem o projeto de unir for\u00e7as com a gente para que \u00e0s fam\u00edlias venham ser beneficiadas, ele j\u00e1 vem fazendo isso na C\u00e2mara Federal, por isso estamos juntos nessa caminhada\u201d, disse o pastor Welligton, candidato a deputado estadual.<\/p>\n<p>&nbsp;<\/p>\n<p>Os prefeitos Diogo Borges (Talism\u00e3); Z\u00e9 Augusto (Peixe); Onassys Morreira (Ja\u00fa do Tocantins); Ol\u00edmpio Arraes (S\u00e3o Val\u00e9rio); Fernandes Martins (Figueir\u00f3polis); F\u00e1bio Vaz (Palmeir\u00f3polis), Nelsinho (Lagoa da Confus\u00e3o) e Vaguinho (Almas), tamb\u00e9m gravaram v\u00eddeos de apoio a C\u00e9sar Halum.<\/p>\n<p>&nbsp;<\/p>\n<p>No final de semana, Halum esteve em Aragua\u00edna, Pedro Afonso, Lagoa da Confus\u00e3o, Figueir\u00f3polis e Gurupi.<\/p>\n<p>&nbsp;<\/p>\n<p>&nbsp;<\/p>\n","protected":false},"excerpt":{"rendered":"<p>A candidatura de C\u00e9sar Halum (PRB) ao Senado Federal, pela coliga\u00e7\u00e3o \u201cGoverno de Atitude\u201d, vem conquistando ades\u00f5es de diversos segmentos da sociedade civil organizada, institui\u00e7\u00f5es religiosas, de ensino, l\u00edderes pol\u00edticos, prefeitos, vereadores dentre outros. &nbsp; Um dos maiores l\u00edderes evang\u00e9licos do estado, o deputado estadual, Eli Borges (SD) e candidato a deputado federal publicou nas [&hellip;]<\/p>\n","protected":false},"author":2,"featured_media":1348,"comment_status":"open","ping_status":"open","sticky":false,"template":"","format":"standard","meta":[],"categories":[2,4],"tags":[],"_links":{"self":[{"href":"https:\/\/dgospel.com.br\/portal\/index.php\/wp-json\/wp\/v2\/posts\/1347"}],"collection":[{"href":"https:\/\/dgospel.com.br\/portal\/index.php\/wp-json\/wp\/v2\/posts"}],"about":[{"href":"https:\/\/dgospel.com.br\/portal\/index.php\/wp-json\/wp\/v2\/types\/post"}],"author":[{"embeddable":true,"href":"https:\/\/dgospel.com.br\/portal\/index.php\/wp-json\/wp\/v2\/users\/2"}],"replies":[{"embeddable":true,"href":"https:\/\/dgospel.com.br\/portal\/index.php\/wp-json\/wp\/v2\/comments?post=1347"}],"version-history":[{"count":1,"href":"https:\/\/dgospel.com.br\/portal\/index.php\/wp-json\/wp\/v2\/posts\/1347\/revisions"}],"predecessor-version":[{"id":1349,"href":"https:\/\/dgospel.com.br\/portal\/index.php\/wp-json\/wp\/v2\/posts\/1347\/revisions\/1349"}],"wp:featuredmedia":[{"embeddable":true,"href":"https:\/\/dgospel.com.br\/portal\/index.php\/wp-json\/wp\/v2\/media\/1348"}],"wp:attachment":[{"href":"https:\/\/dgospel.com.br\/portal\/index.php\/wp-json\/wp\/v2\/media?parent=1347"}],"wp:term":[{"taxonomy":"category","embeddable":true,"href":"https:\/\/dgospel.com.br\/portal\/index.php\/wp-json\/wp\/v2\/categories?post=1347"},{"taxonomy":"post_tag","embeddable":true,"href":"https:\/\/dgospel.com.br\/portal\/index.php\/wp-json\/wp\/v2\/tags?post=1347"}],"curies":[{"name":"wp","href":"https:\/\/api.w.org\/{rel}","templated":true}]}}