{"id":13472,"date":"2022-11-18T16:18:51","date_gmt":"2022-11-18T19:18:51","guid":{"rendered":"http:\/\/dgospel.com.br\/portal\/?p=13472"},"modified":"2022-11-18T16:18:53","modified_gmt":"2022-11-18T19:18:53","slug":"stf-julga-acao-que-determina-ideologia-de-genero-nas-escolas","status":"publish","type":"post","link":"https:\/\/dgospel.com.br\/portal\/index.php\/2022\/11\/18\/stf-julga-acao-que-determina-ideologia-de-genero-nas-escolas\/","title":{"rendered":"STF julga a\u00e7\u00e3o que determina ideologia de g\u00eanero nas escolas"},"content":{"rendered":"\n<p>O Supremo Tribunal Federal julgou na quinta-feira (17) uma a\u00e7\u00e3o do PSOL que incentiva a&nbsp;<a href=\"https:\/\/guiame.com.br\/tudo-sobre?tag=ideologia%20de%20g%C3%AAnero\"><strong>ideologia de g\u00eanero<\/strong><\/a>&nbsp;para crian\u00e7as e adolescentes em escolas p\u00fablicas e privadas. A sess\u00e3o foi encerrada e o tema pode voltar \u00e0 pauta na pr\u00f3xima quarta-feira (23).<\/p>\n\n\n\n<p>O processo trata-se da A\u00e7\u00e3o Direta de Inconstitucionalidade (ADI) 5668, ajuizada pelo Partido Socialismo e Liberdade (PSOL), que alega o enfrentamento do bullying \u201chomof\u00f3bico\u201d no ambiente escolar.&nbsp;<\/p>\n\n\n\n<p>A ADI havia sido&nbsp;<a href=\"https:\/\/guiame.com.br\/gospel\/noticias\/obrigatoriedade-da-ideologia-de-genero-nas-escolas-deve-ser-julgada-em-novembro-pelo-stf.html\"><strong>retirada de pauta em novembro de 2020<\/strong><\/a>, ap\u00f3s a\u00e7\u00e3o t\u00e9cnica de juristas crist\u00e3os da ANAJURE com a Frente Parlamentar Evang\u00e9lica. No entanto, no s\u00e1bado (12), a ministra Rosa Weber, atual presidente do STF, resgatou a a\u00e7\u00e3o e colocou como relator o ministro Edson Fachin.<\/p>\n\n\n\n<p>No entanto, a pr\u00e1tica do bullying, o combate a viol\u00eancias e discrimina\u00e7\u00f5es contra crian\u00e7as e adolescentes j\u00e1 fazem parte do Plano Nacional de Educa\u00e7\u00e3o.<\/p>\n\n\n\n<p>O PSOL alega, contudo, que \u00e9 preciso incluir men\u00e7\u00f5es aos termos \u201cg\u00eanero\u201d, \u201cidentidade de g\u00eanero\u201d e \u201corienta\u00e7\u00e3o sexual\u201d.<\/p>\n\n\n\n<p>O partido argumenta que o fato de as escolas n\u00e3o usarem esses termos pode ser interpretado como uma \u201cproibi\u00e7\u00e3o\u201d \u00e0 abordagem da ideologia de g\u00eanero, e por isso pediram ao STF uma \u201cinterpreta\u00e7\u00e3o constitucional\u201d ao PNE.&nbsp;<\/p>\n\n\n\n<p>Caso o pedido seja validado pela Suprema Corte, as escolas podem ser obrigadas a abordar o tema \u201cg\u00eanero\u201d.<\/p>\n\n\n\n<p>O PSOL pede que as institui\u00e7\u00f5es de ensino sejam obrigadas a chamar os alunos que se identifiquem com outros g\u00eaneros pelo \u201cnome social\u201d; permitir que crian\u00e7as e adolescentes se vistam e se comportem conforme a pr\u00f3pria \u201cidentidade de g\u00eanero transg\u00eanera\u201d; e reprimir as discrimina\u00e7\u00f5es por orienta\u00e7\u00e3o sexual e identidade de g\u00eanero.<\/p>\n\n\n\n<p>A a\u00e7\u00e3o questiona ainda a vis\u00e3o biol\u00f3gica da sexualidade humana, criticando que as \u201cpessoas que nascem com um p\u00eanis sejam designadas como \u2018meninos\u2019 e pessoas que nascem com uma vagina sejam designadas como \u2018meninas\u2019 pela sociedade\u201d.<\/p>\n\n\n\n<p><strong>Juristas evang\u00e9licos participam do julgamento<\/strong><\/p>\n\n\n\n<p>Nesta quinta (17), a&nbsp;<a href=\"https:\/\/guiame.com.br\/tudo-sobre?tag=ANAJURE\"><strong>ANAJURE<\/strong><\/a>&nbsp;esteve presente no julgamento, representada por seu vice-presidente, Dr. Acyr de Gerone, para realizar uma sustenta\u00e7\u00e3o oral no STF.<\/p>\n\n\n\n<p>Diante da pauta, juristas evang\u00e9licos expressam preocupa\u00e7\u00e3o com rela\u00e7\u00e3o aos prov\u00e1veis efeitos negativos sobre a liberdade religiosa e de express\u00e3o, especialmente para escolas de confiss\u00e3o crist\u00e3.<\/p>\n\n\n\n<p>\u201cO necess\u00e1rio combate ao bullying que afeta pessoas LGBT certamente deve ser norteado por no\u00e7\u00f5es de respeito e n\u00e3o discrimina\u00e7\u00e3o, mas n\u00e3o deve implicar em restri\u00e7\u00f5es indevidas ao discurso religioso\u201d, diz a diretoria executiva da entidade.<\/p>\n","protected":false},"excerpt":{"rendered":"<p>O Supremo Tribunal Federal julgou na quinta-feira (17) uma a\u00e7\u00e3o do PSOL que incentiva a&nbsp;ideologia de g\u00eanero&nbsp;para crian\u00e7as e adolescentes em escolas p\u00fablicas e privadas. A sess\u00e3o foi encerrada e o tema pode voltar \u00e0 pauta na pr\u00f3xima quarta-feira (23). O processo trata-se da A\u00e7\u00e3o Direta de Inconstitucionalidade (ADI) 5668, ajuizada pelo Partido Socialismo e [&hellip;]<\/p>\n","protected":false},"author":2,"featured_media":13473,"comment_status":"open","ping_status":"open","sticky":false,"template":"","format":"standard","meta":[],"categories":[10],"tags":[],"_links":{"self":[{"href":"https:\/\/dgospel.com.br\/portal\/index.php\/wp-json\/wp\/v2\/posts\/13472"}],"collection":[{"href":"https:\/\/dgospel.com.br\/portal\/index.php\/wp-json\/wp\/v2\/posts"}],"about":[{"href":"https:\/\/dgospel.com.br\/portal\/index.php\/wp-json\/wp\/v2\/types\/post"}],"author":[{"embeddable":true,"href":"https:\/\/dgospel.com.br\/portal\/index.php\/wp-json\/wp\/v2\/users\/2"}],"replies":[{"embeddable":true,"href":"https:\/\/dgospel.com.br\/portal\/index.php\/wp-json\/wp\/v2\/comments?post=13472"}],"version-history":[{"count":1,"href":"https:\/\/dgospel.com.br\/portal\/index.php\/wp-json\/wp\/v2\/posts\/13472\/revisions"}],"predecessor-version":[{"id":13474,"href":"https:\/\/dgospel.com.br\/portal\/index.php\/wp-json\/wp\/v2\/posts\/13472\/revisions\/13474"}],"wp:featuredmedia":[{"embeddable":true,"href":"https:\/\/dgospel.com.br\/portal\/index.php\/wp-json\/wp\/v2\/media\/13473"}],"wp:attachment":[{"href":"https:\/\/dgospel.com.br\/portal\/index.php\/wp-json\/wp\/v2\/media?parent=13472"}],"wp:term":[{"taxonomy":"category","embeddable":true,"href":"https:\/\/dgospel.com.br\/portal\/index.php\/wp-json\/wp\/v2\/categories?post=13472"},{"taxonomy":"post_tag","embeddable":true,"href":"https:\/\/dgospel.com.br\/portal\/index.php\/wp-json\/wp\/v2\/tags?post=13472"}],"curies":[{"name":"wp","href":"https:\/\/api.w.org\/{rel}","templated":true}]}}