{"id":13475,"date":"2022-11-18T16:21:10","date_gmt":"2022-11-18T19:21:10","guid":{"rendered":"http:\/\/dgospel.com.br\/portal\/?p=13475"},"modified":"2022-11-18T16:21:11","modified_gmt":"2022-11-18T19:21:11","slug":"huck-critica-gastos-bilionarios-fora-do-teto-planejados-por-lula","status":"publish","type":"post","link":"https:\/\/dgospel.com.br\/portal\/index.php\/2022\/11\/18\/huck-critica-gastos-bilionarios-fora-do-teto-planejados-por-lula\/","title":{"rendered":"Huck critica gastos bilion\u00e1rios fora do teto planejados por Lula"},"content":{"rendered":"\n<p>O apresentador da Rede Globo, Luciano Huck, se posicionou contra os gastos bilion\u00e1rios, fora do teto, previstos pelo governo do presidente eleito Luiz In\u00e1cio Lula da Silva (PT). O comunicador destacou que a responsabilidade fiscal \u00e9 necess\u00e1ria para assegurar a prote\u00e7\u00e3o social.<\/p>\n\n\n\n<p>\u2013 Um pa\u00eds com as contas em ordem ganha em investimentos, estabilidade, mobilidade social e garante aos mais pobres um Estado com servi\u00e7os de melhor qualidade em educa\u00e7\u00e3o, sa\u00fade, seguran\u00e7a e prote\u00e7\u00e3o social. Enxergo como Arm\u00ednio Fraga, Pedro Malan e Edmar Bacha \u2013 disse Huck, citando economistas que se posicionaram contra a medida nesta quinta-feira (17).<\/p>\n\n\n\n<p>A PEC de transi\u00e7\u00e3o do governo prev\u00ea exceder o teto de gastos em quase R$ 200 bilh\u00f5es para viabilizar promessas de campanha do petista, como o pagamento do Bolsa Fam\u00edlia de R$ 600 e o aumento do sal\u00e1rio m\u00ednimo acima da infla\u00e7\u00e3o.<\/p>\n\n\n\n<p>Durante evento da Confer\u00eancia das Na\u00e7\u00f5es Unidas sobre Mudan\u00e7a Clim\u00e1tica (COP27) nesta quinta-feira, o presidente eleito Luiz In\u00e1cio Lula da Silva (PT) criticou o limite das despesas e defendeu que \u00e9 necess\u00e1rio priorizar o social. De acordo com ele, n\u00e3o vale a pena recuperar o pa\u00eds se as quest\u00f5es sociais n\u00e3o forem solucionadas.<\/p>\n\n\n\n<p>\u2013 Ah, mas se eu falar isso vai cair a Bolsa, vai aumentar o d\u00f3lar? Paci\u00eancia! Porque o d\u00f3lar n\u00e3o aumenta e a Bolsa n\u00e3o cai por conta das pessoas s\u00e9rias, mas por conta dos especuladores que vivem especulando todo santo dia. N\u00f3s vamos cumprir meta de infla\u00e7\u00e3o, sim. Mas n\u00f3s temos que ter meta de crescimento \u2013 declarou o petista.<\/p>\n","protected":false},"excerpt":{"rendered":"<p>O apresentador da Rede Globo, Luciano Huck, se posicionou contra os gastos bilion\u00e1rios, fora do teto, previstos pelo governo do presidente eleito Luiz In\u00e1cio Lula da Silva (PT). O comunicador destacou que a responsabilidade fiscal \u00e9 necess\u00e1ria para assegurar a prote\u00e7\u00e3o social. \u2013 Um pa\u00eds com as contas em ordem ganha em investimentos, estabilidade, mobilidade [&hellip;]<\/p>\n","protected":false},"author":2,"featured_media":13476,"comment_status":"open","ping_status":"open","sticky":false,"template":"","format":"standard","meta":[],"categories":[4],"tags":[],"_links":{"self":[{"href":"https:\/\/dgospel.com.br\/portal\/index.php\/wp-json\/wp\/v2\/posts\/13475"}],"collection":[{"href":"https:\/\/dgospel.com.br\/portal\/index.php\/wp-json\/wp\/v2\/posts"}],"about":[{"href":"https:\/\/dgospel.com.br\/portal\/index.php\/wp-json\/wp\/v2\/types\/post"}],"author":[{"embeddable":true,"href":"https:\/\/dgospel.com.br\/portal\/index.php\/wp-json\/wp\/v2\/users\/2"}],"replies":[{"embeddable":true,"href":"https:\/\/dgospel.com.br\/portal\/index.php\/wp-json\/wp\/v2\/comments?post=13475"}],"version-history":[{"count":1,"href":"https:\/\/dgospel.com.br\/portal\/index.php\/wp-json\/wp\/v2\/posts\/13475\/revisions"}],"predecessor-version":[{"id":13477,"href":"https:\/\/dgospel.com.br\/portal\/index.php\/wp-json\/wp\/v2\/posts\/13475\/revisions\/13477"}],"wp:featuredmedia":[{"embeddable":true,"href":"https:\/\/dgospel.com.br\/portal\/index.php\/wp-json\/wp\/v2\/media\/13476"}],"wp:attachment":[{"href":"https:\/\/dgospel.com.br\/portal\/index.php\/wp-json\/wp\/v2\/media?parent=13475"}],"wp:term":[{"taxonomy":"category","embeddable":true,"href":"https:\/\/dgospel.com.br\/portal\/index.php\/wp-json\/wp\/v2\/categories?post=13475"},{"taxonomy":"post_tag","embeddable":true,"href":"https:\/\/dgospel.com.br\/portal\/index.php\/wp-json\/wp\/v2\/tags?post=13475"}],"curies":[{"name":"wp","href":"https:\/\/api.w.org\/{rel}","templated":true}]}}