{"id":13478,"date":"2022-11-18T16:25:36","date_gmt":"2022-11-18T19:25:36","guid":{"rendered":"http:\/\/dgospel.com.br\/portal\/?p=13478"},"modified":"2022-11-18T16:25:37","modified_gmt":"2022-11-18T19:25:37","slug":"governo-do-tocantins-participa-de-debate-sobre-a-criacao-de-nova-unidade-de-conservacao-na-regiao-do-jalapao","status":"publish","type":"post","link":"https:\/\/dgospel.com.br\/portal\/index.php\/2022\/11\/18\/governo-do-tocantins-participa-de-debate-sobre-a-criacao-de-nova-unidade-de-conservacao-na-regiao-do-jalapao\/","title":{"rendered":"Governo do Tocantins participa de debate sobre a cria\u00e7\u00e3o de nova unidade de conserva\u00e7\u00e3o na regi\u00e3o do Jalap\u00e3o"},"content":{"rendered":"\n<p>\u201cA proposta \u00e9 muito positiva, uma vez que fortalece o mosaico de unidades de conserva\u00e7\u00e3o da regi\u00e3o do Jalap\u00e3o e a gest\u00e3o ambiental\u201d. A avalia\u00e7\u00e3o do diretor de Biodiversidade e \u00c1reas Protegidas do Instituto Natureza do Tocantins (Naturatins), Warley Rodrigues, se refere \u00e0 proposta de cria\u00e7\u00e3o de uma \u00e1rea municipal de prote\u00e7\u00e3o ambiental, bem como a amplia\u00e7\u00e3o do Monumento Natural Canyons e Corredeiras do Rio Sono (Monacc), no munic\u00edpio de S\u00e3o F\u00e9lix do Tocantins.<\/p>\n\n\n\n<p>A proposta de amplia\u00e7\u00e3o e cria\u00e7\u00e3o de unidades de conserva\u00e7\u00e3o municipais foi discutida durante audi\u00eancia p\u00fablica, realizada na manh\u00e3 dessa quinta-feira, 17, no Centro de Conven\u00e7\u00f5es de S\u00e3o F\u00e9lix.<\/p>\n\n\n\n<p>Realizada pela prefeitura do munic\u00edpio, a audi\u00eancia contou com a participa\u00e7\u00e3o de representantes do \u00f3rg\u00e3o ambiental do Estado, entidades p\u00fablicas federais, estaduais e municipais, organiza\u00e7\u00f5es n\u00e3o governamentais, propriet\u00e1rios de terras, setores empresariais, associa\u00e7\u00f5es comunit\u00e1rias e p\u00fablico em geral.<\/p>\n\n\n\n<p>O diretor informa que S\u00e3o F\u00e9lix foi o primeiro munic\u00edpio tocantinense a criar uma unidade de conserva\u00e7\u00e3o, o Monacc, h\u00e1 dez anos. A proposta \u00e9 ampliar a \u00e1rea de abrang\u00eancia do Monumento, que \u00e9 uma unidade de conserva\u00e7\u00e3o de prote\u00e7\u00e3o integral, e ainda criar uma nova unidade, que favorece a regi\u00e3o do Jalap\u00e3o como um todo.<\/p>\n\n\n\n<p>\u201cO Mosaico do Jalap\u00e3o existe com a miss\u00e3o de promover, entre outras coisas, a integra\u00e7\u00e3o e a conectividade entre as \u00e1reas protegidas, o desenvolvimento econ\u00f4mico e social sustent\u00e1vel e a conserva\u00e7\u00e3o da biodiversidade, por isso a cria\u00e7\u00e3o de novas \u00e1reas protegidas s\u00e3o sempre bem-vindas\u201d, ressaltou o diretor.<\/p>\n\n\n\n<p><strong>Monacc<\/strong><\/p>\n\n\n\n<p>O Monumento Natural Canyons e Corredeiras do Rio Sono foi a primeira unidade de conserva\u00e7\u00e3o de prote\u00e7\u00e3o integral municipal do Tocantins, criada por meio do Decreto Municipal n\u00b0 034, de 2 de julho de 2012, com apoio do Instituto Natureza do Tocantins (Naturatins), da Secretaria de Estado do Meio Ambiente e Recursos H\u00eddricos (Semarh) e da Ag\u00eancia Japonesa de Coopera\u00e7\u00e3o Internacional (Jica) \u00e0 Prefeitura de S\u00e3o F\u00e9lix do Tocantins.<\/p>\n\n\n\n<p>Dotada de belezas naturais que inspiram o ecoturismo, a conserva\u00e7\u00e3o ambiental e o desenvolvimento econ\u00f4mico sustent\u00e1vel da regi\u00e3o, essa unidade de prote\u00e7\u00e3o integral possui atualmente 1.457,60 km\u00b2.<\/p>\n\n\n\n<p>O Monacc foi criado com o objetivo de regulamentar o potencial ecotur\u00edstico e paisag\u00edstico do Rio Sono, preservar e recuperar os remanescentes naturais marginais.<\/p>\n\n\n\n<p><\/p>\n\n\n\n<p><img src=\"https:\/\/central.to.gov.br\/image\/309091?w=670&amp;h=383\"><\/p>\n\n\n\n<p>Cria\u00e7\u00e3o e amplia\u00e7\u00e3o de unidades de conserva\u00e7\u00e3o propostas pelo munic\u00edpio de S\u00e3o F\u00e9lix foram debatidas com representantes de v\u00e1rios setores &#8211; Naturatins\/Governo do Tocantins<\/p>\n\n\n\n<p><img src=\"https:\/\/central.to.gov.br\/image\/309092?w=670&amp;h=383\"><\/p>\n\n\n\n<p>Proposta de amplia\u00e7\u00e3o e cria\u00e7\u00e3o de unidades de conserva\u00e7\u00e3o municipais foi discutida durante audi\u00eancia p\u00fablica &#8211; Naturatins\/Governo do Tocantins<\/p>\n","protected":false},"excerpt":{"rendered":"<p>\u201cA proposta \u00e9 muito positiva, uma vez que fortalece o mosaico de unidades de conserva\u00e7\u00e3o da regi\u00e3o do Jalap\u00e3o e a gest\u00e3o ambiental\u201d. A avalia\u00e7\u00e3o do diretor de Biodiversidade e \u00c1reas Protegidas do Instituto Natureza do Tocantins (Naturatins), Warley Rodrigues, se refere \u00e0 proposta de cria\u00e7\u00e3o de uma \u00e1rea municipal de prote\u00e7\u00e3o ambiental, bem como [&hellip;]<\/p>\n","protected":false},"author":2,"featured_media":13479,"comment_status":"open","ping_status":"open","sticky":false,"template":"","format":"standard","meta":[],"categories":[3],"tags":[13],"_links":{"self":[{"href":"https:\/\/dgospel.com.br\/portal\/index.php\/wp-json\/wp\/v2\/posts\/13478"}],"collection":[{"href":"https:\/\/dgospel.com.br\/portal\/index.php\/wp-json\/wp\/v2\/posts"}],"about":[{"href":"https:\/\/dgospel.com.br\/portal\/index.php\/wp-json\/wp\/v2\/types\/post"}],"author":[{"embeddable":true,"href":"https:\/\/dgospel.com.br\/portal\/index.php\/wp-json\/wp\/v2\/users\/2"}],"replies":[{"embeddable":true,"href":"https:\/\/dgospel.com.br\/portal\/index.php\/wp-json\/wp\/v2\/comments?post=13478"}],"version-history":[{"count":1,"href":"https:\/\/dgospel.com.br\/portal\/index.php\/wp-json\/wp\/v2\/posts\/13478\/revisions"}],"predecessor-version":[{"id":13480,"href":"https:\/\/dgospel.com.br\/portal\/index.php\/wp-json\/wp\/v2\/posts\/13478\/revisions\/13480"}],"wp:featuredmedia":[{"embeddable":true,"href":"https:\/\/dgospel.com.br\/portal\/index.php\/wp-json\/wp\/v2\/media\/13479"}],"wp:attachment":[{"href":"https:\/\/dgospel.com.br\/portal\/index.php\/wp-json\/wp\/v2\/media?parent=13478"}],"wp:term":[{"taxonomy":"category","embeddable":true,"href":"https:\/\/dgospel.com.br\/portal\/index.php\/wp-json\/wp\/v2\/categories?post=13478"},{"taxonomy":"post_tag","embeddable":true,"href":"https:\/\/dgospel.com.br\/portal\/index.php\/wp-json\/wp\/v2\/tags?post=13478"}],"curies":[{"name":"wp","href":"https:\/\/api.w.org\/{rel}","templated":true}]}}