{"id":13481,"date":"2022-11-18T16:27:48","date_gmt":"2022-11-18T19:27:48","guid":{"rendered":"http:\/\/dgospel.com.br\/portal\/?p=13481"},"modified":"2022-11-18T16:27:49","modified_gmt":"2022-11-18T19:27:49","slug":"governo-do-tocantins-investe-em-gestao-e-planejamento-com-foco-na-economicidade","status":"publish","type":"post","link":"https:\/\/dgospel.com.br\/portal\/index.php\/2022\/11\/18\/governo-do-tocantins-investe-em-gestao-e-planejamento-com-foco-na-economicidade\/","title":{"rendered":"Governo do Tocantins investe em gest\u00e3o e planejamento com foco na economicidade"},"content":{"rendered":"\n<p>Comprometido com o incremento e a moderniza\u00e7\u00e3o da gest\u00e3o p\u00fablica, o Governo do Tocantins, por meio da Secretaria de Estado da Administra\u00e7\u00e3o (Secad) e da Ag\u00eancia de Tecnologia da Informa\u00e7\u00e3o (ATI), est\u00e1 realizando treinamentos com servidores do Executivo Estadual para utiliza\u00e7\u00e3o do M\u00f3dulo de Compras P\u00fablicas do Sistema Integrado de Gest\u00e3o Administrativa (Siga), o Plano de Contrata\u00e7\u00f5es Anuais (PCA).<\/p>\n\n\n\n<p>Finalizando a etapa de treinamentos, na manh\u00e3 dessa quinta-feira, 17, servidores de m\u00faltiplas diretorias da Secad participaram de uma capacita\u00e7\u00e3o para utiliza\u00e7\u00e3o do Plano de Compras, um dos m\u00f3dulos do Siga. O treinamento \u00e9 uma a\u00e7\u00e3o que visa atender o inciso VII, do artigo 12 da Lei n\u00b0 14.133\/2021, que estabelece normas gerais de licita\u00e7\u00e3o e contrata\u00e7\u00e3o para as administra\u00e7\u00f5es p\u00fablicas diretas, aut\u00e1rquicas e fundacionais da Uni\u00e3o, dos Estados, do Distrito Federal e dos Munic\u00edpios.<\/p>\n\n\n\n<p>\u201cO Governo do Tocantins est\u00e1 acompanhando toda a moderniza\u00e7\u00e3o da Administra\u00e7\u00e3o P\u00fablica, pois assim, conseguimos agilidade e transpar\u00eancia nas movimenta\u00e7\u00f5es e aquisi\u00e7\u00f5es de patrim\u00f4nio realizadas pelo Governo e, sobretudo, com a implementa\u00e7\u00e3o do Siga \u00e0 nossa Pasta, podemos contar com um mecanismo de aprimoramento de controle interno quanto aos gastos p\u00fablicos\u201d, ressaltou o secret\u00e1rio de Estado da Administra\u00e7\u00e3o, Paulo C\u00e9sar Benfica.<\/p>\n\n\n\n<p>De acordo com o superintendente de Administra\u00e7\u00e3o e Finan\u00e7as, Cleomar Arruda, a Lei passa a vigorar em abril de 2023 e determina uma nova forma de realizar compras e contrata\u00e7\u00f5es. \u201cTodo o planejamento no processo de compras e contrata\u00e7\u00f5es dever\u00e1 ser realizado a partir deste novo sistema que garantir\u00e1 uma otimiza\u00e7\u00e3o da gest\u00e3o\u201d, esclareceu Cleomar Arruda.<\/p>\n\n\n\n<p>O gerente de Log\u00edstica e Estudos T\u00e9cnicos da Secad, Giordano Bruno Milhomem, pontua que a ferramenta \u00e9 uma aliada para os processos de planejamento. \u201cNossa meta \u00e9 fomentar o planejamento, proporcionando uma mudan\u00e7a de cultura em todo o Poder Executivo Estadual\u201d, frisou.<\/p>\n\n\n\n<p>O sistema ser\u00e1 utilizado em todos os \u00f3rg\u00e3os estaduais e cada setor designar\u00e1 um servidor demandante para inserir os planejamentos na plataforma. A expectativa \u00e9 que as demandas para 2023 sejam encaminhadas, via sistema, at\u00e9 30 de novembro de 2022.<\/p>\n\n\n\n<p>Os servidores interessados em se capacitar quanto ao uso da nova ferramenta tamb\u00e9m podem realizar o treinamento por meio de videoaulas dispon\u00edveis no site&nbsp;<a href=\"http:\/\/www.ead.ati.to.gov.br\/\">www.ead.ati.to.gov.br<\/a><\/p>\n\n\n\n<p>Para mais informa\u00e7\u00f5es: (63) 3212-4584\/ 3212-4554 ou por meio da Central de Servi\u00e7os no endere\u00e7o eletr\u00f4nico:&nbsp;<a href=\"https:\/\/chamados.ati.to.gov.br\/\">https:\/\/chamados.ati.to.gov.br<\/a><\/p>\n","protected":false},"excerpt":{"rendered":"<p>Comprometido com o incremento e a moderniza\u00e7\u00e3o da gest\u00e3o p\u00fablica, o Governo do Tocantins, por meio da Secretaria de Estado da Administra\u00e7\u00e3o (Secad) e da Ag\u00eancia de Tecnologia da Informa\u00e7\u00e3o (ATI), est\u00e1 realizando treinamentos com servidores do Executivo Estadual para utiliza\u00e7\u00e3o do M\u00f3dulo de Compras P\u00fablicas do Sistema Integrado de Gest\u00e3o Administrativa (Siga), o Plano [&hellip;]<\/p>\n","protected":false},"author":2,"featured_media":13482,"comment_status":"open","ping_status":"open","sticky":false,"template":"","format":"standard","meta":[],"categories":[3],"tags":[13],"_links":{"self":[{"href":"https:\/\/dgospel.com.br\/portal\/index.php\/wp-json\/wp\/v2\/posts\/13481"}],"collection":[{"href":"https:\/\/dgospel.com.br\/portal\/index.php\/wp-json\/wp\/v2\/posts"}],"about":[{"href":"https:\/\/dgospel.com.br\/portal\/index.php\/wp-json\/wp\/v2\/types\/post"}],"author":[{"embeddable":true,"href":"https:\/\/dgospel.com.br\/portal\/index.php\/wp-json\/wp\/v2\/users\/2"}],"replies":[{"embeddable":true,"href":"https:\/\/dgospel.com.br\/portal\/index.php\/wp-json\/wp\/v2\/comments?post=13481"}],"version-history":[{"count":1,"href":"https:\/\/dgospel.com.br\/portal\/index.php\/wp-json\/wp\/v2\/posts\/13481\/revisions"}],"predecessor-version":[{"id":13483,"href":"https:\/\/dgospel.com.br\/portal\/index.php\/wp-json\/wp\/v2\/posts\/13481\/revisions\/13483"}],"wp:featuredmedia":[{"embeddable":true,"href":"https:\/\/dgospel.com.br\/portal\/index.php\/wp-json\/wp\/v2\/media\/13482"}],"wp:attachment":[{"href":"https:\/\/dgospel.com.br\/portal\/index.php\/wp-json\/wp\/v2\/media?parent=13481"}],"wp:term":[{"taxonomy":"category","embeddable":true,"href":"https:\/\/dgospel.com.br\/portal\/index.php\/wp-json\/wp\/v2\/categories?post=13481"},{"taxonomy":"post_tag","embeddable":true,"href":"https:\/\/dgospel.com.br\/portal\/index.php\/wp-json\/wp\/v2\/tags?post=13481"}],"curies":[{"name":"wp","href":"https:\/\/api.w.org\/{rel}","templated":true}]}}