{"id":13487,"date":"2022-11-21T15:50:44","date_gmt":"2022-11-21T18:50:44","guid":{"rendered":"http:\/\/dgospel.com.br\/portal\/?p=13487"},"modified":"2022-11-21T15:50:46","modified_gmt":"2022-11-21T18:50:46","slug":"solucao-sera-prender-alexandre-de-moraes-diz-desembargador","status":"publish","type":"post","link":"https:\/\/dgospel.com.br\/portal\/index.php\/2022\/11\/21\/solucao-sera-prender-alexandre-de-moraes-diz-desembargador\/","title":{"rendered":"\u201cSolu\u00e7\u00e3o ser\u00e1 prender Alexandre de Moraes\u201d, diz desembargador"},"content":{"rendered":"\n<p>O desembargador aposentado Sebasti\u00e3o Coelho defendeu a pris\u00e3o do ministro do Supremo Tribunal Federal (STF) e presidente do Tribunal Superior Eleitoral (TSE), Alexandre de Moraes. Na verdade, ele garante que h\u00e1 base legal para isso, uma vez que Moraes \u201ch\u00e1 muito, n\u00e3o respeita a Constitui\u00e7\u00e3o\u201d. As declara\u00e7\u00f5es foram feitas em discurso em frente ao QG do Ex\u00e9rcito, em Bras\u00edlia, neste domingo (20).<\/p>\n\n\n\n<p>\u2013 A solu\u00e7\u00e3o ser\u00e1 prender Alexandre de Moraes. E eu dou a base legal para isso: temos de fazer tudo de acordo com a institui\u00e7\u00e3o e com as leis. O senhor ministro Alexandre de Moraes, h\u00e1 muito, n\u00e3o respeita a Constitui\u00e7\u00e3o \u2013 afirmou.<\/p>\n\n\n\n<p>A declara\u00e7\u00e3o foi feita pelo ex-desembargador ao alertar para que os manifestantes retirassem as faixas pedindo o fechamento do STF.<\/p>\n\n\n\n<p>\u2013 Isso pode caracterizar um atentado contra a institui\u00e7\u00e3o. N\u00e3o fa\u00e7am isso \u2013 alertou.<\/p>\n\n\n\n<p>Outra garantia de Coelho \u00e9 a quantidade de ju\u00edzes do Brasil que n\u00e3o est\u00e3o de acordo com a conduta dos membros do Supremo.<\/p>\n\n\n\n<p>\u2013 Tenho visto, e eu disse naquela oportunidade, que a magistratura brasileira n\u00e3o est\u00e1 feliz. Mais de 80% dos ju\u00edzes e ju\u00edzas do Brasil, de primeira e segunda inst\u00e2ncias, n\u00e3o est\u00e3o de acordo com o que est\u00e1 fazendo o Supremo Tribunal Federal \u2013 afirmou.<\/p>\n\n\n\n<p>\u2013 Os crimes cometidos por Alexandre de Moraes est\u00e3o sendo cometidos com as suas decis\u00f5es. No momento que as decis\u00f5es dele est\u00e3o em vigor, o crime est\u00e1 acontecendo. Portanto, ele est\u00e1 em estado de flagrante delito \u2013 continuou aos manifestantes.<\/p>\n\n\n\n<p>Coelho lamentou o sil\u00eancio dos senadores, a quem caberia tomar uma provid\u00eancia.<\/p>\n\n\n\n<p>\u2013 Infelizmente, n\u00e3o sei os motivos dos senhores senadores estarem quietos, concordando com essa situa\u00e7\u00e3o. Resta ao presidente da Rep\u00fablica convocar as For\u00e7as Armadas para efetuar a pris\u00e3o de Alexandre de Moraes \u2013 completou.<\/p>\n\n\n\n<p>Sebasti\u00e3o Coelho foi desembargador do Tribunal de Justi\u00e7a do Distrito Federal e dos Territ\u00f3rios (TJDFT) por 30 anos e 11 meses, tendo se aposentado no \u00faltimo dia 16 de setembro. Ele tamb\u00e9m atuava como vice-presidente do Tribunal Regional Eleitoral do Distrito Federal (TRE-DF).<\/p>\n\n\n\n<figure class=\"wp-block-embed is-type-video is-provider-youtube wp-block-embed-youtube wp-embed-aspect-16-9 wp-has-aspect-ratio\"><div class=\"wp-block-embed__wrapper\">\n<iframe loading=\"lazy\" title=\"DISCURSO DO DR. SEBASTI\u00c3O COELHO EX-DESEMBARGAOR DE BRAS\u00cdLIA, QG DO EX\u00c9RCITO\/DF | 20\/11\/2022\" width=\"630\" height=\"354\" src=\"https:\/\/www.youtube.com\/embed\/pwpI0PnkCPc?feature=oembed\" frameborder=\"0\" allow=\"accelerometer; autoplay; clipboard-write; encrypted-media; gyroscope; picture-in-picture\" allowfullscreen><\/iframe>\n<\/div><\/figure>\n","protected":false},"excerpt":{"rendered":"<p>O desembargador aposentado Sebasti\u00e3o Coelho defendeu a pris\u00e3o do ministro do Supremo Tribunal Federal (STF) e presidente do Tribunal Superior Eleitoral (TSE), Alexandre de Moraes. Na verdade, ele garante que h\u00e1 base legal para isso, uma vez que Moraes \u201ch\u00e1 muito, n\u00e3o respeita a Constitui\u00e7\u00e3o\u201d. As declara\u00e7\u00f5es foram feitas em discurso em frente ao QG [&hellip;]<\/p>\n","protected":false},"author":2,"featured_media":13488,"comment_status":"open","ping_status":"open","sticky":false,"template":"","format":"standard","meta":[],"categories":[10],"tags":[],"_links":{"self":[{"href":"https:\/\/dgospel.com.br\/portal\/index.php\/wp-json\/wp\/v2\/posts\/13487"}],"collection":[{"href":"https:\/\/dgospel.com.br\/portal\/index.php\/wp-json\/wp\/v2\/posts"}],"about":[{"href":"https:\/\/dgospel.com.br\/portal\/index.php\/wp-json\/wp\/v2\/types\/post"}],"author":[{"embeddable":true,"href":"https:\/\/dgospel.com.br\/portal\/index.php\/wp-json\/wp\/v2\/users\/2"}],"replies":[{"embeddable":true,"href":"https:\/\/dgospel.com.br\/portal\/index.php\/wp-json\/wp\/v2\/comments?post=13487"}],"version-history":[{"count":1,"href":"https:\/\/dgospel.com.br\/portal\/index.php\/wp-json\/wp\/v2\/posts\/13487\/revisions"}],"predecessor-version":[{"id":13489,"href":"https:\/\/dgospel.com.br\/portal\/index.php\/wp-json\/wp\/v2\/posts\/13487\/revisions\/13489"}],"wp:featuredmedia":[{"embeddable":true,"href":"https:\/\/dgospel.com.br\/portal\/index.php\/wp-json\/wp\/v2\/media\/13488"}],"wp:attachment":[{"href":"https:\/\/dgospel.com.br\/portal\/index.php\/wp-json\/wp\/v2\/media?parent=13487"}],"wp:term":[{"taxonomy":"category","embeddable":true,"href":"https:\/\/dgospel.com.br\/portal\/index.php\/wp-json\/wp\/v2\/categories?post=13487"},{"taxonomy":"post_tag","embeddable":true,"href":"https:\/\/dgospel.com.br\/portal\/index.php\/wp-json\/wp\/v2\/tags?post=13487"}],"curies":[{"name":"wp","href":"https:\/\/api.w.org\/{rel}","templated":true}]}}