{"id":13497,"date":"2022-11-21T16:30:33","date_gmt":"2022-11-21T19:30:33","guid":{"rendered":"http:\/\/dgospel.com.br\/portal\/?p=13497"},"modified":"2022-11-21T16:30:35","modified_gmt":"2022-11-21T19:30:35","slug":"governo-do-tocantins-apresentara-na-agrotins-2023-potencial-da-mineracao-no-desenvolvimento-da-agricultura-e-economia-do-estado","status":"publish","type":"post","link":"https:\/\/dgospel.com.br\/portal\/index.php\/2022\/11\/21\/governo-do-tocantins-apresentara-na-agrotins-2023-potencial-da-mineracao-no-desenvolvimento-da-agricultura-e-economia-do-estado\/","title":{"rendered":"Governo do Tocantins apresentar\u00e1 na Agrotins 2023 potencial da minera\u00e7\u00e3o no desenvolvimento da agricultura e economia do Estado"},"content":{"rendered":"\n<p>O Governo do Tocantins, por meio da Secretaria de Estado da Agricultura, Pecu\u00e1ria e Aquicultura (Seagro) e da Ag\u00eancia de Minera\u00e7\u00e3o do Tocantins (Ameto), planeja a\u00e7\u00e3o para apresentar o potencial da minera\u00e7\u00e3o tocantinense, especialmente no setor de agrominerais, na Feira Agrotecnol\u00f3gica do Tocantins (Agrotins 2023). A expectativa \u00e9 dispor de um estande da Minera\u00e7\u00e3o, voltado para a apresenta\u00e7\u00e3o do potencial do setor no desenvolvimento da agricultura e economia, focando temas como Inova\u00e7\u00e3o e tecnologia, agrominerais, explora\u00e7\u00e3o mineral, entre outros.<\/p>\n\n\n\n<p>Para o presidente da Ameto, Mauro Mota, a feira ser\u00e1 uma importante vitrine para a minera\u00e7\u00e3o, uma vez que o p\u00fablico ter\u00e1 a oportunidade de conhecer mais do setor por meio da participa\u00e7\u00e3o das empresas j\u00e1 instaladas e que est\u00e3o em produ\u00e7\u00e3o no Estado. \u201cO Tocantins alcan\u00e7ou espa\u00e7o de destaque no ranking nacional da minera\u00e7\u00e3o nos \u00faltimos anos, tornando-se, por exemplo, o quinto maior produtor de calc\u00e1rio [p\u00f3 de rocha] do pa\u00eds. E, com nossa participa\u00e7\u00e3o na Agrotins, buscamos contribuir ainda mais com o desenvolvimento socioecon\u00f4mico regional e atrair investimentos com a\u00e7\u00f5es de fomento \u00e0 minera\u00e7\u00e3o\u201d, declara.<\/p>\n\n\n\n<p>Al\u00e9m disso, nos \u00faltimos cinco anos, o setor deu um salto positivo na economia em termos de arrecada\u00e7\u00e3o de Compensa\u00e7\u00e3o Financeira pela Explora\u00e7\u00e3o Mineral (CFEM), saindo da casa de R$ 5 milh\u00f5es em 2017 para mais de R$ 16 milh\u00f5es em 2022.<\/p>\n\n\n\n<p>Para o titular da Secretaria de Estado da Agricultura, Pecu\u00e1ria e Aquicultura (Seagro), Jaime Caf\u00e9, a minera\u00e7\u00e3o \u00e9 uma atividade econ\u00f4mica merecedora de incentivo, pois contribui muito para o desenvolvimento do Estado, principalmente na agricultura tocantinense. \u201cO Tocantins \u00e9 essencialmente agropecu\u00e1rio e o calc\u00e1rio \u00e9 um produto agromineral que possibilita o aumento na produtividade nas lavouras e, consequentemente, o crescimento na produ\u00e7\u00e3o de gr\u00e3os no Estado\u201d, destaca o gestor.<\/p>\n\n\n\n<p><strong>Rochagem<\/strong><\/p>\n\n\n\n<p>Na minera\u00e7\u00e3o, a rochagem (calc\u00e1rio) \u00e9 essencial para o desenvolvimento agr\u00edcola, contribuindo no nutrimento do solo para aumento nas lavouras.<strong>&nbsp;<\/strong>O p\u00f3 de rocha, al\u00e9m de disponibilizar seus nutrientes de maneira gradual e menos suscet\u00edvel \u00e0 lixivia\u00e7\u00e3o, \u00e9 uma fonte importante de micronutrientes, possibilitando a produtividade nas lavouras. \u00c9 um tipo de insumo utilizado na t\u00e9cnica de aduba\u00e7\u00e3o agr\u00edcola conhecida como rochagem, podendo complementar o procedimento tradicional, feita com fertilizantes qu\u00edmicos, para suprir o solo com os minerais perdidos durante o processo da produ\u00e7\u00e3o agr\u00edcola.<\/p>\n","protected":false},"excerpt":{"rendered":"<p>O Governo do Tocantins, por meio da Secretaria de Estado da Agricultura, Pecu\u00e1ria e Aquicultura (Seagro) e da Ag\u00eancia de Minera\u00e7\u00e3o do Tocantins (Ameto), planeja a\u00e7\u00e3o para apresentar o potencial da minera\u00e7\u00e3o tocantinense, especialmente no setor de agrominerais, na Feira Agrotecnol\u00f3gica do Tocantins (Agrotins 2023). A expectativa \u00e9 dispor de um estande da Minera\u00e7\u00e3o, voltado [&hellip;]<\/p>\n","protected":false},"author":2,"featured_media":13498,"comment_status":"open","ping_status":"open","sticky":false,"template":"","format":"standard","meta":[],"categories":[3],"tags":[13],"_links":{"self":[{"href":"https:\/\/dgospel.com.br\/portal\/index.php\/wp-json\/wp\/v2\/posts\/13497"}],"collection":[{"href":"https:\/\/dgospel.com.br\/portal\/index.php\/wp-json\/wp\/v2\/posts"}],"about":[{"href":"https:\/\/dgospel.com.br\/portal\/index.php\/wp-json\/wp\/v2\/types\/post"}],"author":[{"embeddable":true,"href":"https:\/\/dgospel.com.br\/portal\/index.php\/wp-json\/wp\/v2\/users\/2"}],"replies":[{"embeddable":true,"href":"https:\/\/dgospel.com.br\/portal\/index.php\/wp-json\/wp\/v2\/comments?post=13497"}],"version-history":[{"count":1,"href":"https:\/\/dgospel.com.br\/portal\/index.php\/wp-json\/wp\/v2\/posts\/13497\/revisions"}],"predecessor-version":[{"id":13499,"href":"https:\/\/dgospel.com.br\/portal\/index.php\/wp-json\/wp\/v2\/posts\/13497\/revisions\/13499"}],"wp:featuredmedia":[{"embeddable":true,"href":"https:\/\/dgospel.com.br\/portal\/index.php\/wp-json\/wp\/v2\/media\/13498"}],"wp:attachment":[{"href":"https:\/\/dgospel.com.br\/portal\/index.php\/wp-json\/wp\/v2\/media?parent=13497"}],"wp:term":[{"taxonomy":"category","embeddable":true,"href":"https:\/\/dgospel.com.br\/portal\/index.php\/wp-json\/wp\/v2\/categories?post=13497"},{"taxonomy":"post_tag","embeddable":true,"href":"https:\/\/dgospel.com.br\/portal\/index.php\/wp-json\/wp\/v2\/tags?post=13497"}],"curies":[{"name":"wp","href":"https:\/\/api.w.org\/{rel}","templated":true}]}}