{"id":135,"date":"2018-05-14T16:45:04","date_gmt":"2018-05-14T19:45:04","guid":{"rendered":"http:\/\/dgospel.com.br\/portal\/?p=135"},"modified":"2018-05-15T11:36:13","modified_gmt":"2018-05-15T14:36:13","slug":"duas-mortes-e-nove-notificacoes-de-febre-amarela-em-humanos-sao-investigadas-no-tocantins","status":"publish","type":"post","link":"https:\/\/dgospel.com.br\/portal\/index.php\/2018\/05\/14\/duas-mortes-e-nove-notificacoes-de-febre-amarela-em-humanos-sao-investigadas-no-tocantins\/","title":{"rendered":"Duas mortes e nove notifica\u00e7\u00f5es de febre amarela em humanos s\u00e3o investigadas no Tocantins"},"content":{"rendered":"<p>Duas mortes e nove notifica\u00e7\u00f5es de pessoas com suspeita de febre amarela s\u00e3o investigadas no Tocantins, desde dezembro do ano passado at\u00e9 a \u00faltima sexta-feira (11). Os dados est\u00e3o no relat\u00f3rio de monitoramento divulgado pela Secretaria de Estado da Sa\u00fade (Sesau), nesta segunda-feira (14).<\/p>\n<p style=\"font-style: inherit; font-weight: inherit;\" data-track-category=\"Link no Texto\" data-track-links=\"\">Ao todo, quatro mortes foram notificadas com suspeita da doen\u00e7a em todo o estado: uma em Palmas e outra em Araguatins, que j\u00e1 foram descartadas, al\u00e9m de outras duas que seguem em investiga\u00e7\u00e3o em Tocant\u00ednia.<\/p>\n<p style=\"font-style: inherit; font-weight: inherit;\" data-track-category=\"Link no Texto\" data-track-links=\"\">Nesse per\u00edodo tamb\u00e9m foram notificados 20 casos suspeitos da doen\u00e7a. Onze j\u00e1 foram descartados e nove s\u00e3o investigados:<\/p>\n<ul>\n<li style=\"font-style: inherit; font-weight: inherit;\">Dois em Palmas;<\/li>\n<li>Dois em Tocant\u00ednia;<\/li>\n<li>Um em Porto Nacional;<\/li>\n<li>Um em Araguatins;<\/li>\n<li>Um em Peixe;<\/li>\n<li>Um em Ponte Alta do Bom Jesus;<\/li>\n<li>Um em Para\u00edso do Tocantins.<\/li>\n<\/ul>\n<h2 style=\"font-style: inherit; font-weight: inherit;\">Casos em macacos<\/h2>\n<p style=\"font-style: inherit; font-weight: inherit;\">Desde dezembro foram notificados 36 casos de suspeita da doen\u00e7a em macacos. Houve duas confirma\u00e7\u00f5es: uma em Palmas e outra em Porto Nacional. Outros quatro casos seguem em investiga\u00e7\u00e3o: em Palmas, Goiatins e dois em Porto Nacional.<\/p>\n<p><a href=\"https:\/\/g1.globo.com\/to\/tocantins\/noticia\/palmas-tem-o-primeiro-caso-de-febre-amarela-em-macacos-confirmada-em-2018.ghtml\">Na capital, a confirma\u00e7\u00e3o foi divulgada na \u00faltima sexta-feira<\/a>. Mesmo dia em que foi encontrado o\u00a0<a href=\"https:\/\/g1.globo.com\/to\/tocantins\/noticia\/macaco-e-encontrado-morto-em-quartel-da-guarda-metropolitana-em-palmas.ghtml\">sexto macaco morto desde come\u00e7o do ano em Palmas<\/a>.\u00a0<a href=\"https:\/\/g1.globo.com\/to\/tocantins\/noticia\/morte-de-macaco-em-ponto-turistico-de-palmas-e-investigada-por-secretaria.ghtml\">Os primatas foram localizados no Parque Cesamar<\/a>\u00a0e em \u00e1reas verdes da regi\u00e3o sul.<a href=\"https:\/\/g1.globo.com\/to\/tocantins\/noticia\/exames-de-tres-macacos-encontrados-mortos-em-palmas-ainda-nao-ficaram-prontos.ghtml\">\u00a0Alguns exames deram negativo<\/a>\u00a0e pelo menos dois casos ainda seguem sob investiga\u00e7\u00e3o.<\/p>\n<p>A morte dos macacos, chamada de epizootias, \u00e9 considerada um evento sentinela que pode indicar a circula\u00e7\u00e3o do v\u00edrus da febre amarela em uma regi\u00e3o. O macaco n\u00e3o transmite o v\u00edrus para os seres humanos. A transmiss\u00e3o \u00e9 feita por mosquitos.<\/p>\n<p>Fonte:\u00a0G1 Tocantins<\/p>\n","protected":false},"excerpt":{"rendered":"<p>Duas mortes e nove notifica\u00e7\u00f5es de pessoas com suspeita de febre amarela s\u00e3o investigadas no Tocantins, desde dezembro do ano passado at\u00e9 a \u00faltima sexta-feira (11). Os dados est\u00e3o no relat\u00f3rio de monitoramento divulgado pela Secretaria de Estado da Sa\u00fade (Sesau), nesta segunda-feira (14). Ao todo, quatro mortes foram notificadas com suspeita da doen\u00e7a em [&hellip;]<\/p>\n","protected":false},"author":2,"featured_media":136,"comment_status":"open","ping_status":"open","sticky":false,"template":"","format":"standard","meta":[],"categories":[2,3,10],"tags":[],"_links":{"self":[{"href":"https:\/\/dgospel.com.br\/portal\/index.php\/wp-json\/wp\/v2\/posts\/135"}],"collection":[{"href":"https:\/\/dgospel.com.br\/portal\/index.php\/wp-json\/wp\/v2\/posts"}],"about":[{"href":"https:\/\/dgospel.com.br\/portal\/index.php\/wp-json\/wp\/v2\/types\/post"}],"author":[{"embeddable":true,"href":"https:\/\/dgospel.com.br\/portal\/index.php\/wp-json\/wp\/v2\/users\/2"}],"replies":[{"embeddable":true,"href":"https:\/\/dgospel.com.br\/portal\/index.php\/wp-json\/wp\/v2\/comments?post=135"}],"version-history":[{"count":1,"href":"https:\/\/dgospel.com.br\/portal\/index.php\/wp-json\/wp\/v2\/posts\/135\/revisions"}],"predecessor-version":[{"id":137,"href":"https:\/\/dgospel.com.br\/portal\/index.php\/wp-json\/wp\/v2\/posts\/135\/revisions\/137"}],"wp:featuredmedia":[{"embeddable":true,"href":"https:\/\/dgospel.com.br\/portal\/index.php\/wp-json\/wp\/v2\/media\/136"}],"wp:attachment":[{"href":"https:\/\/dgospel.com.br\/portal\/index.php\/wp-json\/wp\/v2\/media?parent=135"}],"wp:term":[{"taxonomy":"category","embeddable":true,"href":"https:\/\/dgospel.com.br\/portal\/index.php\/wp-json\/wp\/v2\/categories?post=135"},{"taxonomy":"post_tag","embeddable":true,"href":"https:\/\/dgospel.com.br\/portal\/index.php\/wp-json\/wp\/v2\/tags?post=135"}],"curies":[{"name":"wp","href":"https:\/\/api.w.org\/{rel}","templated":true}]}}