{"id":13500,"date":"2022-11-21T16:36:22","date_gmt":"2022-11-21T19:36:22","guid":{"rendered":"http:\/\/dgospel.com.br\/portal\/?p=13500"},"modified":"2022-11-21T16:36:23","modified_gmt":"2022-11-21T19:36:23","slug":"pela-primeira-vez-governo-do-tocantins-participa-do-forum-da-comunidade-dos-paises-de-lingua-portuguesa","status":"publish","type":"post","link":"https:\/\/dgospel.com.br\/portal\/index.php\/2022\/11\/21\/pela-primeira-vez-governo-do-tocantins-participa-do-forum-da-comunidade-dos-paises-de-lingua-portuguesa\/","title":{"rendered":"Pela primeira vez, Governo do Tocantins participa do F\u00f3rum da Comunidade dos Pa\u00edses de L\u00edngua Portuguesa"},"content":{"rendered":"\n<p>Pela primeira vez, o Governo do Tocantins participa da Semana da Comunidade dos Pa\u00edses de L\u00edngua Portuguesa (CPLP), que ocorre no Rio de Janeiro nesta semana, de 21 a 25 de novembro.<\/p>\n\n\n\n<p>Para o secret\u00e1rio de Participa\u00e7\u00f5es Sociais e Pol\u00edticas de Governo, Marcos Milhomens, esta \u00e9 uma oportunidade \u00edmpar para o aprofundamento da amizade m\u00fatua e da coopera\u00e7\u00e3o entre os seus membros. \u201cO Estado est\u00e1 alinhado \u00e0s pautas de interesse da comunidade internacional. Ter um papel de destaque na CPLP coloca o Tocantins como refer\u00eancia na Regi\u00e3o Norte\u201d, destacou Marcos Milhomens.<\/p>\n\n\n\n<p>J\u00e1 o secret\u00e1rio de Estado do Esporte e Juventude, Fl\u00e1vio Cabanhas, ressaltou a import\u00e2ncia do debate de pol\u00edticas p\u00fablicas para a Juventude no \u00e2mbito da CPLP. &#8220;A juventude tocantinense ser\u00e1 prioridade para o Governo, por isso as pol\u00edticas p\u00fablicas propostas no F\u00f3rum da CPLP s\u00e3o fundamentais para reduzirmos a desigualdade e o desemprego&#8221;, ponderou Fl\u00e1vio Cabanhas.<\/p>\n\n\n\n<p>A Comunidade dos Pa\u00edses de L\u00edngua Portuguesa \u00e9 uma organiza\u00e7\u00e3o internacional formada por pa\u00edses lus\u00f3fonos. Os estados-membros s\u00e3o: Angola, Brasil, Cabo Verde, Guin\u00e9 Bissau, Guin\u00e9, Equatorial, Mo\u00e7ambique, Portugal, S\u00e3o Tom\u00e9 e Pr\u00edncipe e Timor-Leste. O objetivo da organiza\u00e7\u00e3o \u00e9 integrar os pa\u00edses de l\u00edngua portuguesa em diversas \u00e1reas de coopera\u00e7\u00e3o.<\/p>\n\n\n\n<p>Entre os principais pontos de discuss\u00e3o est\u00e3o a gera\u00e7\u00e3o de emprego e renda, mudan\u00e7as clim\u00e1ticas, combate \u00e0 fome, diversidade e igualdade no \u00e2mbito das popula\u00e7\u00f5es da CPLP.<\/p>\n\n\n\n<p>O encontro re\u00fane ministros de 12 pa\u00edses e autoridades de todos os estados da Federa\u00e7\u00e3o, a cidade do Rio de Janeiro foi escolhida para sediar a semana da CPLP e o Governo do Tocantins integra a delega\u00e7\u00e3o brasileira.<\/p>\n","protected":false},"excerpt":{"rendered":"<p>Pela primeira vez, o Governo do Tocantins participa da Semana da Comunidade dos Pa\u00edses de L\u00edngua Portuguesa (CPLP), que ocorre no Rio de Janeiro nesta semana, de 21 a 25 de novembro. Para o secret\u00e1rio de Participa\u00e7\u00f5es Sociais e Pol\u00edticas de Governo, Marcos Milhomens, esta \u00e9 uma oportunidade \u00edmpar para o aprofundamento da amizade m\u00fatua [&hellip;]<\/p>\n","protected":false},"author":2,"featured_media":13501,"comment_status":"open","ping_status":"open","sticky":false,"template":"","format":"standard","meta":[],"categories":[3],"tags":[13],"_links":{"self":[{"href":"https:\/\/dgospel.com.br\/portal\/index.php\/wp-json\/wp\/v2\/posts\/13500"}],"collection":[{"href":"https:\/\/dgospel.com.br\/portal\/index.php\/wp-json\/wp\/v2\/posts"}],"about":[{"href":"https:\/\/dgospel.com.br\/portal\/index.php\/wp-json\/wp\/v2\/types\/post"}],"author":[{"embeddable":true,"href":"https:\/\/dgospel.com.br\/portal\/index.php\/wp-json\/wp\/v2\/users\/2"}],"replies":[{"embeddable":true,"href":"https:\/\/dgospel.com.br\/portal\/index.php\/wp-json\/wp\/v2\/comments?post=13500"}],"version-history":[{"count":1,"href":"https:\/\/dgospel.com.br\/portal\/index.php\/wp-json\/wp\/v2\/posts\/13500\/revisions"}],"predecessor-version":[{"id":13502,"href":"https:\/\/dgospel.com.br\/portal\/index.php\/wp-json\/wp\/v2\/posts\/13500\/revisions\/13502"}],"wp:featuredmedia":[{"embeddable":true,"href":"https:\/\/dgospel.com.br\/portal\/index.php\/wp-json\/wp\/v2\/media\/13501"}],"wp:attachment":[{"href":"https:\/\/dgospel.com.br\/portal\/index.php\/wp-json\/wp\/v2\/media?parent=13500"}],"wp:term":[{"taxonomy":"category","embeddable":true,"href":"https:\/\/dgospel.com.br\/portal\/index.php\/wp-json\/wp\/v2\/categories?post=13500"},{"taxonomy":"post_tag","embeddable":true,"href":"https:\/\/dgospel.com.br\/portal\/index.php\/wp-json\/wp\/v2\/tags?post=13500"}],"curies":[{"name":"wp","href":"https:\/\/api.w.org\/{rel}","templated":true}]}}