{"id":13506,"date":"2022-11-21T16:45:59","date_gmt":"2022-11-21T19:45:59","guid":{"rendered":"http:\/\/dgospel.com.br\/portal\/?p=13506"},"modified":"2022-11-21T16:46:00","modified_gmt":"2022-11-21T19:46:00","slug":"comissao-rejeita-autorizacao-para-municipios-criarem-auxilio-creche-para-familias-de-baixa-renda","status":"publish","type":"post","link":"https:\/\/dgospel.com.br\/portal\/index.php\/2022\/11\/21\/comissao-rejeita-autorizacao-para-municipios-criarem-auxilio-creche-para-familias-de-baixa-renda\/","title":{"rendered":"Comiss\u00e3o rejeita autoriza\u00e7\u00e3o para munic\u00edpios criarem aux\u00edlio-creche para fam\u00edlias de baixa renda"},"content":{"rendered":"\n<p>A Comiss\u00e3o de Educa\u00e7\u00e3o da C\u00e2mara dos Deputados rejeitou o <a href=\"https:\/\/www.camara.leg.br\/noticias\/558784-projeto-autoriza-criacao-de-auxilio-creche-para-familias-de-baixa-renda\">Projeto de Lei 2426\/19<\/a>, que autoriza os munic\u00edpios e o Distrito Federal a pagarem um aux\u00edlio financeiro para que fam\u00edlias de baixa renda possam matricular crian\u00e7as de 0 a 5 anos em creches privadas.<\/p>\n\n\n\n<p>De autoria do senador Jos\u00e9 Serra (PSDB-SP), a proposta j\u00e1 foi aprovado pelo Senado e prev\u00ea que a autoriza\u00e7\u00e3o seja v\u00e1lida apenas quando n\u00e3o houver vagas suficientes nas institui\u00e7\u00f5es p\u00fablicas. O texto altera a <a href=\"https:\/\/www2.camara.leg.br\/legin\/fed\/lei\/1996\/lei-9394-20-dezembro-1996-362578-norma-pl.html\">Lei de Diretrizes e Bases da Educa\u00e7\u00e3o Nacional (LDB)<\/a>.<\/p>\n\n\n\n<p>Segundo Serra, atualmente 34% das crian\u00e7as entre 0 e 3 anos n\u00e3o frequentam estabelecimentos de educa\u00e7\u00e3o infantil porque n\u00e3o h\u00e1 vagas.<\/p>\n\n\n\n<p>O parecer do relator, deputado <a href=\"https:\/\/www.camara.leg.br\/deputados\/204418\">Luiz\u00e3o Goulart (Solidariedade-PR)<\/a>, foi contr\u00e1rio ao projeto e ao PL 4875\/19, apensado. Ele lembra que a Constitui\u00e7\u00e3o Federal afirma que os recursos p\u00fablicos ser\u00e3o destinados \u00e0s redes p\u00fablicas, prevendo t\u00e3o somente a exce\u00e7\u00e3o de financiamento de bolsas em institui\u00e7\u00f5es privadas sem fins lucrativos.<\/p>\n\n\n\n<p>\u201cConsiderando que a Constitui\u00e7\u00e3o admite a destina\u00e7\u00e3o de recursos p\u00fablicos a entidades sem fins lucrativos \u2013 de forma a atender demanda que extrapola a capacidade da rede p\u00fablica de educa\u00e7\u00e3o b\u00e1sica \u2013 como \u00fanica exce\u00e7\u00e3o \u00e0 regra geral, resta evidente que n\u00e3o \u00e9 poss\u00edvel permitir, por meio de lei ordin\u00e1ria e sem ferir o texto constitucional, que o Distrito Federal e os munic\u00edpios destinem recursos p\u00fablicos ao setor de educa\u00e7\u00e3o privado com fins lucrativos para matr\u00edcula de crian\u00e7as na educa\u00e7\u00e3o infantil\u201d, avaliou o relator.<\/p>\n\n\n\n<p>\u201cTrata-se, em suma, de medida que se reveste de \u00f3bice de inconstitucionalidade\u201d, concluiu Goulart. O deputado acredita que \u201cseria mais racional, antes de introduzir um novo mecanismo de financiamento de oferta de vagas, cumprir os passos j\u00e1 delineados pela legisla\u00e7\u00e3o para dimensionamento e planejamento do atendimento da demanda da educa\u00e7\u00e3o infantil, em especial nas creches\u201d.<\/p>\n\n\n\n<p><strong>Tramita\u00e7\u00e3o<\/strong><br>A proposta ser\u00e1 analisada ainda pelas comiss\u00f5es de Seguridade Social e Fam\u00edlia; de Finan\u00e7as e Tributa\u00e7\u00e3o; e de Constitui\u00e7\u00e3o e Justi\u00e7a e de Cidadania. Depois seguir\u00e1 para o Plen\u00e1rio.<\/p>\n\n\n\n<p>Fonte: Ag\u00eancia C\u00e2mara de Not\u00edcias<\/p>\n","protected":false},"excerpt":{"rendered":"<p>A Comiss\u00e3o de Educa\u00e7\u00e3o da C\u00e2mara dos Deputados rejeitou o Projeto de Lei 2426\/19, que autoriza os munic\u00edpios e o Distrito Federal a pagarem um aux\u00edlio financeiro para que fam\u00edlias de baixa renda possam matricular crian\u00e7as de 0 a 5 anos em creches privadas. De autoria do senador Jos\u00e9 Serra (PSDB-SP), a proposta j\u00e1 foi [&hellip;]<\/p>\n","protected":false},"author":2,"featured_media":13507,"comment_status":"open","ping_status":"open","sticky":false,"template":"","format":"standard","meta":[],"categories":[8],"tags":[],"_links":{"self":[{"href":"https:\/\/dgospel.com.br\/portal\/index.php\/wp-json\/wp\/v2\/posts\/13506"}],"collection":[{"href":"https:\/\/dgospel.com.br\/portal\/index.php\/wp-json\/wp\/v2\/posts"}],"about":[{"href":"https:\/\/dgospel.com.br\/portal\/index.php\/wp-json\/wp\/v2\/types\/post"}],"author":[{"embeddable":true,"href":"https:\/\/dgospel.com.br\/portal\/index.php\/wp-json\/wp\/v2\/users\/2"}],"replies":[{"embeddable":true,"href":"https:\/\/dgospel.com.br\/portal\/index.php\/wp-json\/wp\/v2\/comments?post=13506"}],"version-history":[{"count":1,"href":"https:\/\/dgospel.com.br\/portal\/index.php\/wp-json\/wp\/v2\/posts\/13506\/revisions"}],"predecessor-version":[{"id":13508,"href":"https:\/\/dgospel.com.br\/portal\/index.php\/wp-json\/wp\/v2\/posts\/13506\/revisions\/13508"}],"wp:featuredmedia":[{"embeddable":true,"href":"https:\/\/dgospel.com.br\/portal\/index.php\/wp-json\/wp\/v2\/media\/13507"}],"wp:attachment":[{"href":"https:\/\/dgospel.com.br\/portal\/index.php\/wp-json\/wp\/v2\/media?parent=13506"}],"wp:term":[{"taxonomy":"category","embeddable":true,"href":"https:\/\/dgospel.com.br\/portal\/index.php\/wp-json\/wp\/v2\/categories?post=13506"},{"taxonomy":"post_tag","embeddable":true,"href":"https:\/\/dgospel.com.br\/portal\/index.php\/wp-json\/wp\/v2\/tags?post=13506"}],"curies":[{"name":"wp","href":"https:\/\/api.w.org\/{rel}","templated":true}]}}