{"id":13512,"date":"2022-11-21T22:13:05","date_gmt":"2022-11-22T01:13:05","guid":{"rendered":"http:\/\/dgospel.com.br\/portal\/?p=13512"},"modified":"2022-11-21T22:13:06","modified_gmt":"2022-11-22T01:13:06","slug":"lira-diz-que-a-pec-fura-teto-nao-teve-discussao-ampla","status":"publish","type":"post","link":"https:\/\/dgospel.com.br\/portal\/index.php\/2022\/11\/21\/lira-diz-que-a-pec-fura-teto-nao-teve-discussao-ampla\/","title":{"rendered":"Lira diz que a PEC fura-teto n\u00e3o teve discuss\u00e3o ampla"},"content":{"rendered":"\n<p>O presidente da C\u00e2mara dos Deputados,&nbsp;<a href=\"https:\/\/noticias.r7.com\/brasilia\/lula-se-reune-com-lira-para-discutir-pec-da-transicao-09112022\" target=\"_blank\" rel=\"noreferrer noopener\">Arthur Lira (PP-AL)<\/a>, disse nesta segunda-feira (21) que a&nbsp;<a href=\"https:\/\/noticias.r7.com\/brasilia\/gargalos-na-pec-do-estouro-podem-travar-aprovacao-no-senado-18112022\" target=\"_blank\" rel=\"noreferrer noopener\">proposta de emenda \u00e0 Constitui\u00e7\u00e3o (PEC) <\/a>&nbsp;fura-teto n\u00e3o foi amplamente discutida no Congresso e que o texto a ser votado ainda n\u00e3o est\u00e1 consolidado. A PEC pretende tirar do teto de gastos o Aux\u00edlio Brasil, que voltar\u00e1 a se chamar Bolsa Fam\u00edlia.<\/p>\n\n\n\n<p>&#8220;Ainda n\u00e3o temos texto nem assinaturas. O que temos \u00e9 um tempo ex\u00edguo de 17 dias para discutir um texto desse&#8221;, disse. O presidente da C\u00e2mara ainda falou sobre a falta de uma &#8220;reuni\u00e3o conjunta entre C\u00e2mara e Senado no que diz respeito ao presidente da comiss\u00e3o de Or\u00e7amento, deputado Celso Sabino (Uni\u00e3o Brasil-PA), o relator do Or\u00e7amento, senador Marcelo Castro (MDB-PI), o presidente do Congresso, senador Rodrigo Pacheco (PSD-MG), eu e os principais l\u00edderes das Casas&#8221;.&nbsp;<\/p>\n\n\n\n<p>O texto come\u00e7a a tramitar pelo Senado, e a equipe de transi\u00e7\u00e3o trabalha para garantir ao menos 26 assinaturas, o suficiente para emplacar a PEC no plen\u00e1rio da Casa. Parlamentares da oposi\u00e7\u00e3o a Luiz In\u00e1cio Lula da Silva (PT) e de partidos que est\u00e3o divididos disseram ao&nbsp;R7&nbsp;que as discuss\u00f5es ficaram restritas \u00e0 c\u00fapula de apoio ao presidente eleito. Sem o apoio da maioria absoluta, 49 do total de 81 senadores, a PEC para no Senado.<\/p>\n\n\n\n<p>Para Lira, &#8220;n\u00e3o vai faltar coer\u00eancia&#8221; por parte do Congresso em deliberar sobre a PEC, &#8220;seja de um lado ou do outro&#8221;. &#8220;Se for de se aprovar, esse texto tem de ser minimamente equivalente nas duas Casas&#8221;, afirmou durante discurso em evento da&nbsp;Associa\u00e7\u00e3o Brasileira de Atacadistas e Distribuidores de Produtos Industrializados (Abad), em S\u00e3o Paulo.&nbsp;<\/p>\n\n\n\n<p>Apesar da fala, Lira j\u00e1 teve um encontro pessoal com o presidente eleito para discutir a PEC. Segundo avalia\u00e7\u00e3o da equipe de transi\u00e7\u00e3o, h\u00e1 disposi\u00e7\u00e3o para defender a proposta capaz de viabilizar o pagamento do Aux\u00edlio Brasil de R$ 600, al\u00e9m dos R$ 150 extras por filho de at\u00e9 6 anos.&nbsp;<\/p>\n\n\n\n<p>O centr\u00e3o, comandado por Lira, discute a preserva\u00e7\u00e3o do or\u00e7amento secreto em 2023 como moeda de troca. Contudo,&nbsp;<a href=\"https:\/\/noticias.r7.com\/brasilia\/senado-pode-enxugar-pec-do-estouro-relator-preve-votacao-para-29-de-novembro-19112022\" target=\"_blank\" rel=\"noreferrer noopener\">em entrevista exclusiva ao&nbsp;R7, o senador Marcelo Castro (MDB-PI), relator do Or\u00e7amento Federal<\/a>, diz que essa proposta n\u00e3o chegou a ele. &#8220;Eu lhe digo aqui com toda a seguran\u00e7a: nunca ouvi ningu\u00e9m sobre esse assunto como moeda de troca. E acho que Lula tem se posicionado v\u00e1rias vezes contra as emendas de relator.&#8221;<\/p>\n\n\n\n<p>Or\u00e7amento secreto<\/p>\n\n\n\n<p>Durante discurso, Lira defendeu o or\u00e7amento secreto. &#8220;O or\u00e7amento malfadado que chamam de secreto \u00e9 municipalista, \u00e9 amplo, \u00e9 democr\u00e1tico&#8221;, afirmou o deputado, enfatizando que a medida retira das m\u00e3os de um \u00fanico ministro o poder de destinar as verbas. &#8220;Or\u00e7amentariamente, o Congresso Nacional vem tratando da sociedade, daqueles munic\u00edpios mais distantes, mais carentes, de uma forma mais evidente.&#8221;<\/p>\n","protected":false},"excerpt":{"rendered":"<p>O presidente da C\u00e2mara dos Deputados,&nbsp;Arthur Lira (PP-AL), disse nesta segunda-feira (21) que a&nbsp;proposta de emenda \u00e0 Constitui\u00e7\u00e3o (PEC) &nbsp;fura-teto n\u00e3o foi amplamente discutida no Congresso e que o texto a ser votado ainda n\u00e3o est\u00e1 consolidado. A PEC pretende tirar do teto de gastos o Aux\u00edlio Brasil, que voltar\u00e1 a se chamar Bolsa Fam\u00edlia. [&hellip;]<\/p>\n","protected":false},"author":2,"featured_media":13510,"comment_status":"open","ping_status":"open","sticky":false,"template":"","format":"standard","meta":[],"categories":[8],"tags":[],"_links":{"self":[{"href":"https:\/\/dgospel.com.br\/portal\/index.php\/wp-json\/wp\/v2\/posts\/13512"}],"collection":[{"href":"https:\/\/dgospel.com.br\/portal\/index.php\/wp-json\/wp\/v2\/posts"}],"about":[{"href":"https:\/\/dgospel.com.br\/portal\/index.php\/wp-json\/wp\/v2\/types\/post"}],"author":[{"embeddable":true,"href":"https:\/\/dgospel.com.br\/portal\/index.php\/wp-json\/wp\/v2\/users\/2"}],"replies":[{"embeddable":true,"href":"https:\/\/dgospel.com.br\/portal\/index.php\/wp-json\/wp\/v2\/comments?post=13512"}],"version-history":[{"count":1,"href":"https:\/\/dgospel.com.br\/portal\/index.php\/wp-json\/wp\/v2\/posts\/13512\/revisions"}],"predecessor-version":[{"id":13513,"href":"https:\/\/dgospel.com.br\/portal\/index.php\/wp-json\/wp\/v2\/posts\/13512\/revisions\/13513"}],"wp:featuredmedia":[{"embeddable":true,"href":"https:\/\/dgospel.com.br\/portal\/index.php\/wp-json\/wp\/v2\/media\/13510"}],"wp:attachment":[{"href":"https:\/\/dgospel.com.br\/portal\/index.php\/wp-json\/wp\/v2\/media?parent=13512"}],"wp:term":[{"taxonomy":"category","embeddable":true,"href":"https:\/\/dgospel.com.br\/portal\/index.php\/wp-json\/wp\/v2\/categories?post=13512"},{"taxonomy":"post_tag","embeddable":true,"href":"https:\/\/dgospel.com.br\/portal\/index.php\/wp-json\/wp\/v2\/tags?post=13512"}],"curies":[{"name":"wp","href":"https:\/\/api.w.org\/{rel}","templated":true}]}}