{"id":13517,"date":"2022-11-22T08:19:13","date_gmt":"2022-11-22T11:19:13","guid":{"rendered":"http:\/\/dgospel.com.br\/portal\/?p=13517"},"modified":"2022-11-22T08:19:15","modified_gmt":"2022-11-22T11:19:15","slug":"dez-presidentes-da-oab-questionam-decisoes-de-moraes","status":"publish","type":"post","link":"https:\/\/dgospel.com.br\/portal\/index.php\/2022\/11\/22\/dez-presidentes-da-oab-questionam-decisoes-de-moraes\/","title":{"rendered":"Dez presidentes da OAB questionam decis\u00f5es de Moraes"},"content":{"rendered":"\n<p>Na \u00faltima sexta-feira (18), as seccionais da Ordem dos Advogados do Brasil (OAB) no Acre, Distrito Federal, Goi\u00e1s, Mato Grosso, Mato Grosso do Sul, Minas Gerais, Paran\u00e1, Pernambuco, Rio Grande do Sul e Rond\u00f4nia encaminharam um of\u00edcio ao presidente do Conselho Federal da OAB pedindo, em regime de urg\u00eancia, an\u00e1lise da constitucionalidade e legalidade de decis\u00f5es recentes do ministro do Supremo Tribunal Federal (STF) e presidente do Tribunal Superior Eleitoral (TSE), Alexandre de Moraes. As informa\u00e7\u00f5es s\u00e3o da coluna Grande Angular, do Metr\u00f3poles.<\/p>\n\n\n\n<p>Os presidentes das seccionais apontaram que t\u00eam recebido reclama\u00e7\u00f5es de advogados sobre a condu\u00e7\u00e3o de Moraes em v\u00e1rios processos. A principal queixa seria sobre \u201cviola\u00e7\u00f5es a garantias constitucionais e prerrogativas profissionais, especialmente em rela\u00e7\u00e3o ao acesso aos autos para o devido exerc\u00edcio da ampla defesa e contradit\u00f3rio\u201d.<\/p>\n\n\n\n<p>Eles citaram o bloqueio de contas banc\u00e1rias de 43 pessoas f\u00edsicas e empresas suspeitas de financiar os protestos que contestam o resultado da elei\u00e7\u00e3o presidencial. No documento, os representantes querem uma an\u00e1lise sobre a constitucionalidade e legalidade da decis\u00e3o de Moraes, uma interlocu\u00e7\u00e3o junto ao STF e uma avalia\u00e7\u00e3o das medidas para que se evitem poss\u00edveis viola\u00e7\u00f5es \u00e0s prerrogativas da advocacia.<\/p>\n","protected":false},"excerpt":{"rendered":"<p>Na \u00faltima sexta-feira (18), as seccionais da Ordem dos Advogados do Brasil (OAB) no Acre, Distrito Federal, Goi\u00e1s, Mato Grosso, Mato Grosso do Sul, Minas Gerais, Paran\u00e1, Pernambuco, Rio Grande do Sul e Rond\u00f4nia encaminharam um of\u00edcio ao presidente do Conselho Federal da OAB pedindo, em regime de urg\u00eancia, an\u00e1lise da constitucionalidade e legalidade de [&hellip;]<\/p>\n","protected":false},"author":2,"featured_media":13518,"comment_status":"open","ping_status":"open","sticky":false,"template":"","format":"standard","meta":[],"categories":[10],"tags":[],"_links":{"self":[{"href":"https:\/\/dgospel.com.br\/portal\/index.php\/wp-json\/wp\/v2\/posts\/13517"}],"collection":[{"href":"https:\/\/dgospel.com.br\/portal\/index.php\/wp-json\/wp\/v2\/posts"}],"about":[{"href":"https:\/\/dgospel.com.br\/portal\/index.php\/wp-json\/wp\/v2\/types\/post"}],"author":[{"embeddable":true,"href":"https:\/\/dgospel.com.br\/portal\/index.php\/wp-json\/wp\/v2\/users\/2"}],"replies":[{"embeddable":true,"href":"https:\/\/dgospel.com.br\/portal\/index.php\/wp-json\/wp\/v2\/comments?post=13517"}],"version-history":[{"count":1,"href":"https:\/\/dgospel.com.br\/portal\/index.php\/wp-json\/wp\/v2\/posts\/13517\/revisions"}],"predecessor-version":[{"id":13519,"href":"https:\/\/dgospel.com.br\/portal\/index.php\/wp-json\/wp\/v2\/posts\/13517\/revisions\/13519"}],"wp:featuredmedia":[{"embeddable":true,"href":"https:\/\/dgospel.com.br\/portal\/index.php\/wp-json\/wp\/v2\/media\/13518"}],"wp:attachment":[{"href":"https:\/\/dgospel.com.br\/portal\/index.php\/wp-json\/wp\/v2\/media?parent=13517"}],"wp:term":[{"taxonomy":"category","embeddable":true,"href":"https:\/\/dgospel.com.br\/portal\/index.php\/wp-json\/wp\/v2\/categories?post=13517"},{"taxonomy":"post_tag","embeddable":true,"href":"https:\/\/dgospel.com.br\/portal\/index.php\/wp-json\/wp\/v2\/tags?post=13517"}],"curies":[{"name":"wp","href":"https:\/\/api.w.org\/{rel}","templated":true}]}}