{"id":13529,"date":"2022-11-22T15:15:39","date_gmt":"2022-11-22T18:15:39","guid":{"rendered":"http:\/\/dgospel.com.br\/portal\/?p=13529"},"modified":"2022-11-22T15:15:39","modified_gmt":"2022-11-22T18:15:39","slug":"leo-barbosa-visita-nucleo-de-atendimento-a-autistas-no-para-e-busca-novos-projetos-para-o-tocantins","status":"publish","type":"post","link":"https:\/\/dgospel.com.br\/portal\/index.php\/2022\/11\/22\/leo-barbosa-visita-nucleo-de-atendimento-a-autistas-no-para-e-busca-novos-projetos-para-o-tocantins\/","title":{"rendered":"L\u00e9o Barbosa visita N\u00facleo de Atendimento a Autistas no Par\u00e1 e busca novos projetos para o Tocantins"},"content":{"rendered":"\n<p>O deputado estadual L\u00e9o Barbosa (Republicanos) esteve nesta segunda-feira, 21, em Bel\u00e9m e Capanema-PA para conhecer o trabalho realizado pelo Centro Integrado de Inclus\u00e3o e Reabilita\u00e7\u00e3o do Estado do Par\u00e1 (CIIR) e pelo N\u00facleo de Atendimento ao Transtorno do Espectro Autista (Natea). O n\u00facleo tem sido refer\u00eancia na \u00e1rea e engloba equipe multiprofissional que trabalha t\u00e9cnicas que visam desenvolver a autonomia das pessoas com autismo.<\/p>\n\n\n\n<p>Barbosa realizou a visita acompanhado pelo secret\u00e1rio executivo de Estado da Sa\u00fade, Dr. Luciano Lima Costa, da representante da Associa\u00e7\u00e3o de Pais, Amigos e Profissionais dos Autistas do Estado do Tocantins &#8220;Anjo Azul&#8221;, Dr\u00aa Rosa Helena Ambr\u00f3sio de Carvalho, do&nbsp;Superintendente de Administra\u00e7\u00e3o, Infraestrutura e Obras da Secretaria da Educa\u00e7\u00e3o (Seduc), Marcus Tadeu Ribeiro de Barros e do coordenador de Projetos Especiais da Escola do Legislativo, Breno Ben\u00edcio.<\/p>\n\n\n\n<p>Na ocasi\u00e3o, a comitiva tocantinense foi recebida pela Coordenadora Estadual de Pol\u00edticas para o Autismo, Nayara Barbalho, e pelo Assessor de Pol\u00edticas para o Autismo, Luyann Rodrigues. Nayara apresentou toda estrutura f\u00edsica do n\u00facleo e destacou a necessidade de amplia\u00e7\u00e3o do projeto para todo pa\u00eds.<\/p>\n\n\n\n<p>\u201cN\u00f3s estamos muito felizes com a iniciativa dessa comitiva que veio do Tocantins para visitar o espa\u00e7o do Natea, que foi rec\u00e9m inaugurado aqui em Capanema. \u00c9 muito importante que essas boas pr\u00e1ticas sejam replicadas e tamb\u00e9m aprimoradas. Eu fico feliz, orgulhosa, mas tamb\u00e9m parabenizo a iniciativa do Tocantins em se preocupar com essa pauta, em se preocupar com o que est\u00e1 acontecendo e tamb\u00e9m ter esse olhar atencioso para as pessoas com defici\u00eancia, para a inclus\u00e3o\u201d, destacou Nayara.<\/p>\n\n\n\n<p><strong>Aplica\u00e7\u00e3o no Tocantins<\/strong><\/p>\n\n\n\n<p>Segundo Barbosa, o objetivo da visita foi conhecer de perto o trabalho desenvolvido no Par\u00e1 e trazer o modelo de atendimento para o Tocantins. \u201cQueremos levar o modelo de atendimento para Palmas e para outras regi\u00f5es do Tocantins para que a gente possa atender as fam\u00edlias dos autistas com estrutura de ponta e assim proporcionar mais qualidade de vida para eles. O governador Wanderlei Barbosa j\u00e1 nos deu carta branca para buscar projetos e queremos que o Tocantins tenha uma Coordenadoria de Pol\u00edticas P\u00fablicas para Pessoa com Defici\u00eancia e um Natea estruturados no nosso estado tamb\u00e9m\u201d, explicou.<\/p>\n\n\n\n<p>O deputado tamb\u00e9m agradeceu a equipe respons\u00e1vel pela recep\u00e7\u00e3o e parabenizou o Governo do Par\u00e1 pelas pol\u00edticas p\u00fablicas voltadas para pessoas com defici\u00eancia. \u201cQuero agradecer pela experi\u00eancia. N\u00f3s estivemos conhecendo os projetos, pudemos ver muitos profissionais atendendo a comunidade, equipamentos inovadores, e tudo pela rede p\u00fablica de sa\u00fade do Par\u00e1. Ent\u00e3o queremos parabenizar o Governo do Estado por esta iniciativa que \u00e9 inovadora no pa\u00eds e tamb\u00e9m a equipe respons\u00e1vel por este trabalho t\u00e3o importante\u201d, disse L\u00e9o.<\/p>\n\n\n\n<p>Para a Dr\u00aa Rosa Helena, o interesse em buscar novos projetos nesta \u00e1rea mostra o compromisso do Governo do Tocantins em promover melhor assist\u00eancia para pessoas com autismo no estado. \u201cA nossa vinda at\u00e9 aqui reflete um compromisso da gest\u00e3o do governador Wanderlei Barbosa com a pessoa com defici\u00eancia que a gente nunca teve. O Tocantins h\u00e1 anos vem tendo um governo atr\u00e1s do outro que n\u00e3o se preocupa com isso e agora a nossa vinda at\u00e9 aqui \u00e9 um comprometimento do governador e do deputado L\u00e9o Barbosa com as pol\u00edticas p\u00fablicas da pessoa com defici\u00eancia e dos autistas. Foi uma experi\u00eancia fant\u00e1stica conhecer o Natea, porque realmente \u00e9 um projeto a ser copiado\u201d, destacou.<\/p>\n\n\n\n<p>O secret\u00e1rio executivo da Sa\u00fade, Dr. Luciano Lima, tamb\u00e9m comentou sobre a visita.&nbsp;\u201cFoi uma experi\u00eancia muito boa poder participar dessa comitiva para conhecer a estrutura f\u00edsica e de ambi\u00eancia do estado do Par\u00e1. Eles s\u00e3o refer\u00eancia na causa autista e de outras defici\u00eancias. Acredito que o Tocantins tem muito a ganhar com a aplica\u00e7\u00e3o dessas novas ideias\u201d.<\/p>\n\n\n\n<p><strong>Natea Caet\u00e9<\/strong><\/p>\n\n\n\n<p>Inaugurado em outubro deste ano, dentro da Policl\u00ednica do Rio Caet\u00e9s, munic\u00edpio de Capanema, o espa\u00e7o do N\u00facleo de Atendimento ao Transtorno do Espectro Autista (Natea) foi idealizado para atender pessoas com autismo de mais de 16 munic\u00edpios paraenses e possui 14 salas de atendimento de diversas especialidades, como Fonoaudiologia, Psicologia&nbsp;e Terapia Ocupacional. Al\u00e9m disso, o local tamb\u00e9m conta com sala de integra\u00e7\u00e3o sensorial, jardim sensorial e sala de atividades de vida di\u00e1ria.<\/p>\n\n\n\n<p>A coordenadora Estadual de Pol\u00edticas para o Autismo, Nayara Barbalho,&nbsp;explica que cada detalhe do projeto foi pensado a partir de evid\u00eancias cient\u00edficas para dar suporte e oferecer um servi\u00e7o de excel\u00eancia para as pessoas com autismo e seus familiares.<\/p>\n","protected":false},"excerpt":{"rendered":"<p>O deputado estadual L\u00e9o Barbosa (Republicanos) esteve nesta segunda-feira, 21, em Bel\u00e9m e Capanema-PA para conhecer o trabalho realizado pelo Centro Integrado de Inclus\u00e3o e Reabilita\u00e7\u00e3o do Estado do Par\u00e1 (CIIR) e pelo N\u00facleo de Atendimento ao Transtorno do Espectro Autista (Natea). O n\u00facleo tem sido refer\u00eancia na \u00e1rea e engloba equipe multiprofissional que trabalha [&hellip;]<\/p>\n","protected":false},"author":2,"featured_media":13530,"comment_status":"open","ping_status":"open","sticky":false,"template":"","format":"standard","meta":[],"categories":[8],"tags":[13],"_links":{"self":[{"href":"https:\/\/dgospel.com.br\/portal\/index.php\/wp-json\/wp\/v2\/posts\/13529"}],"collection":[{"href":"https:\/\/dgospel.com.br\/portal\/index.php\/wp-json\/wp\/v2\/posts"}],"about":[{"href":"https:\/\/dgospel.com.br\/portal\/index.php\/wp-json\/wp\/v2\/types\/post"}],"author":[{"embeddable":true,"href":"https:\/\/dgospel.com.br\/portal\/index.php\/wp-json\/wp\/v2\/users\/2"}],"replies":[{"embeddable":true,"href":"https:\/\/dgospel.com.br\/portal\/index.php\/wp-json\/wp\/v2\/comments?post=13529"}],"version-history":[{"count":1,"href":"https:\/\/dgospel.com.br\/portal\/index.php\/wp-json\/wp\/v2\/posts\/13529\/revisions"}],"predecessor-version":[{"id":13531,"href":"https:\/\/dgospel.com.br\/portal\/index.php\/wp-json\/wp\/v2\/posts\/13529\/revisions\/13531"}],"wp:featuredmedia":[{"embeddable":true,"href":"https:\/\/dgospel.com.br\/portal\/index.php\/wp-json\/wp\/v2\/media\/13530"}],"wp:attachment":[{"href":"https:\/\/dgospel.com.br\/portal\/index.php\/wp-json\/wp\/v2\/media?parent=13529"}],"wp:term":[{"taxonomy":"category","embeddable":true,"href":"https:\/\/dgospel.com.br\/portal\/index.php\/wp-json\/wp\/v2\/categories?post=13529"},{"taxonomy":"post_tag","embeddable":true,"href":"https:\/\/dgospel.com.br\/portal\/index.php\/wp-json\/wp\/v2\/tags?post=13529"}],"curies":[{"name":"wp","href":"https:\/\/api.w.org\/{rel}","templated":true}]}}