{"id":13532,"date":"2022-11-22T15:48:17","date_gmt":"2022-11-22T18:48:17","guid":{"rendered":"http:\/\/dgospel.com.br\/portal\/?p=13532"},"modified":"2022-11-22T15:48:19","modified_gmt":"2022-11-22T18:48:19","slug":"indicados-por-bolsonaro-ao-stj-sao-aprovados-na-ccj-do-senado","status":"publish","type":"post","link":"https:\/\/dgospel.com.br\/portal\/index.php\/2022\/11\/22\/indicados-por-bolsonaro-ao-stj-sao-aprovados-na-ccj-do-senado\/","title":{"rendered":"Indicados por Bolsonaro ao STJ s\u00e3o aprovados na CCJ do Senado"},"content":{"rendered":"\n<p>A Comiss\u00e3o de Constitui\u00e7\u00e3o e Justi\u00e7a e de Cidadania (CCJ) do&nbsp;<a href=\"http:\/\/pleno.news\/tag\/senado\" target=\"_blank\" rel=\"noreferrer noopener\">Senado<\/a>&nbsp;aprovou, nesta ter\u00e7a-feira (22), os nomes dos desembargadores Messod Azulay e Paulo S\u00e9rgio Domingues, indicados pelo presidente Jair Bolsonaro (PL) em agosto deste ano para as cadeiras vagas no Superior Tribunal de Justi\u00e7a (<a href=\"http:\/\/pleno.news\/tag\/stj\" target=\"_blank\" rel=\"noreferrer noopener\">STJ<\/a>). Os magistrados agora ser\u00e3o avaliados pelo Plen\u00e1rio da Casa.<\/p>\n\n\n\n<p>Azulay Neto \u00e9 desembargador do Tribunal Regional Federal da 2\u00aa Regi\u00e3o (TRF-2), no Rio de Janeiro. Ele ficar\u00e1 com a vaga do ministro Napole\u00e3o Nunes Maia Filho, que pediu aposentadoria. Paulo S\u00e9rgio Domingues, por sua vez, \u00e9 desembargador do Tribunal Regional Federal da 3\u00aa Regi\u00e3o (TRF-3), em S\u00e3o Paulo. Ele ocupar\u00e1 o lugar do ministro Nefi Cordeiro, tamb\u00e9m aposentado.<\/p>\n\n\n\n<p>Entre os presentes na sess\u00e3o estavam o ministro Nunes Marques, do Supremo Tribunal Federal (STF); a presidente do Superior Tribunal de Justi\u00e7a (STJ), Maria Thereza de Assis Moura; o ministro Marco Buzzi, do STJ; o ex-presidente do tribunal, Humberto Martins; e o corregedor nacional de Justi\u00e7a, Luis Felipe Salom\u00e3o.<\/p>\n\n\n\n<p>Dos 27 senadores que apresentaram seus votos nesta ter\u00e7a, todos aprovaram a indica\u00e7\u00e3o de Azulay e apenas um votou contra a indica\u00e7\u00e3o de Domingues. Com o resultado na CCJ, os nomes agora passar\u00e3o por vota\u00e7\u00e3o no Plen\u00e1rio do Senado, onde v\u00e3o precisar da aprova\u00e7\u00e3o de 41 senadores para serem oficializados como ministros do STJ. A decis\u00e3o deve ocorrer ainda na sess\u00e3o desta ter\u00e7a.<\/p>\n","protected":false},"excerpt":{"rendered":"<p>A Comiss\u00e3o de Constitui\u00e7\u00e3o e Justi\u00e7a e de Cidadania (CCJ) do&nbsp;Senado&nbsp;aprovou, nesta ter\u00e7a-feira (22), os nomes dos desembargadores Messod Azulay e Paulo S\u00e9rgio Domingues, indicados pelo presidente Jair Bolsonaro (PL) em agosto deste ano para as cadeiras vagas no Superior Tribunal de Justi\u00e7a (STJ). Os magistrados agora ser\u00e3o avaliados pelo Plen\u00e1rio da Casa. Azulay Neto [&hellip;]<\/p>\n","protected":false},"author":2,"featured_media":13533,"comment_status":"open","ping_status":"open","sticky":false,"template":"","format":"standard","meta":[],"categories":[10],"tags":[],"_links":{"self":[{"href":"https:\/\/dgospel.com.br\/portal\/index.php\/wp-json\/wp\/v2\/posts\/13532"}],"collection":[{"href":"https:\/\/dgospel.com.br\/portal\/index.php\/wp-json\/wp\/v2\/posts"}],"about":[{"href":"https:\/\/dgospel.com.br\/portal\/index.php\/wp-json\/wp\/v2\/types\/post"}],"author":[{"embeddable":true,"href":"https:\/\/dgospel.com.br\/portal\/index.php\/wp-json\/wp\/v2\/users\/2"}],"replies":[{"embeddable":true,"href":"https:\/\/dgospel.com.br\/portal\/index.php\/wp-json\/wp\/v2\/comments?post=13532"}],"version-history":[{"count":1,"href":"https:\/\/dgospel.com.br\/portal\/index.php\/wp-json\/wp\/v2\/posts\/13532\/revisions"}],"predecessor-version":[{"id":13534,"href":"https:\/\/dgospel.com.br\/portal\/index.php\/wp-json\/wp\/v2\/posts\/13532\/revisions\/13534"}],"wp:featuredmedia":[{"embeddable":true,"href":"https:\/\/dgospel.com.br\/portal\/index.php\/wp-json\/wp\/v2\/media\/13533"}],"wp:attachment":[{"href":"https:\/\/dgospel.com.br\/portal\/index.php\/wp-json\/wp\/v2\/media?parent=13532"}],"wp:term":[{"taxonomy":"category","embeddable":true,"href":"https:\/\/dgospel.com.br\/portal\/index.php\/wp-json\/wp\/v2\/categories?post=13532"},{"taxonomy":"post_tag","embeddable":true,"href":"https:\/\/dgospel.com.br\/portal\/index.php\/wp-json\/wp\/v2\/tags?post=13532"}],"curies":[{"name":"wp","href":"https:\/\/api.w.org\/{rel}","templated":true}]}}