{"id":13538,"date":"2022-11-22T17:49:10","date_gmt":"2022-11-22T20:49:10","guid":{"rendered":"http:\/\/dgospel.com.br\/portal\/?p=13538"},"modified":"2022-11-22T17:49:10","modified_gmt":"2022-11-22T20:49:10","slug":"camara-de-curitiba-fara-mocao-de-protesto-contra-moraes","status":"publish","type":"post","link":"https:\/\/dgospel.com.br\/portal\/index.php\/2022\/11\/22\/camara-de-curitiba-fara-mocao-de-protesto-contra-moraes\/","title":{"rendered":"C\u00e2mara de Curitiba far\u00e1 mo\u00e7\u00e3o de protesto contra Moraes"},"content":{"rendered":"\n<p>Nesta segunda-feira (21), a C\u00e2mara Municipal de Curitiba (PR) aprovou uma mo\u00e7\u00e3o de protesto contra o ministro Alexandre de Moraes, do Supremo Tribunal Federal (STF).<\/p>\n\n\n\n<p>A justificativa para o desagravo s\u00e3o \u201carb\u00edtrios, \u201cdesmandos\u201d e \u201catos contr\u00e1rios\u201d ao Estado de Direito.<\/p>\n\n\n\n<p>O autor do pedido \u00e9 o vereador Rodrigo Marcial (Novo) que disse: \u201cCom seus atos, Alexandre de Moraes feriu o car\u00e1ter republicano de nossa Na\u00e7\u00e3o\u201d.<\/p>\n\n\n\n<p>E continua:<\/p>\n\n\n\n<p>\u2013 Ao concentrar poderes mon\u00e1rquicos e tomar decis\u00f5es monocr\u00e1ticas que fizeram valer em territ\u00f3rio p\u00e1trio a m\u00e1xima romana de que aquilo que agrada ao pr\u00edncipe tem for\u00e7a de lei.<\/p>\n\n\n\n<p>Segundo o parlamentar, as a\u00e7\u00f5es do ministro ofendem as institui\u00e7\u00f5es brasileiras, ocasionando inseguran\u00e7a jur\u00eddica e desconfian\u00e7a popular no processo eleitoral.<\/p>\n\n\n\n<p>Marcial teve apoio de 17 vereadores, mas cinco foram contr\u00e1rios.<\/p>\n","protected":false},"excerpt":{"rendered":"<p>Nesta segunda-feira (21), a C\u00e2mara Municipal de Curitiba (PR) aprovou uma mo\u00e7\u00e3o de protesto contra o ministro Alexandre de Moraes, do Supremo Tribunal Federal (STF). A justificativa para o desagravo s\u00e3o \u201carb\u00edtrios, \u201cdesmandos\u201d e \u201catos contr\u00e1rios\u201d ao Estado de Direito. O autor do pedido \u00e9 o vereador Rodrigo Marcial (Novo) que disse: \u201cCom seus atos, [&hellip;]<\/p>\n","protected":false},"author":2,"featured_media":13539,"comment_status":"open","ping_status":"open","sticky":false,"template":"","format":"standard","meta":[],"categories":[4],"tags":[],"_links":{"self":[{"href":"https:\/\/dgospel.com.br\/portal\/index.php\/wp-json\/wp\/v2\/posts\/13538"}],"collection":[{"href":"https:\/\/dgospel.com.br\/portal\/index.php\/wp-json\/wp\/v2\/posts"}],"about":[{"href":"https:\/\/dgospel.com.br\/portal\/index.php\/wp-json\/wp\/v2\/types\/post"}],"author":[{"embeddable":true,"href":"https:\/\/dgospel.com.br\/portal\/index.php\/wp-json\/wp\/v2\/users\/2"}],"replies":[{"embeddable":true,"href":"https:\/\/dgospel.com.br\/portal\/index.php\/wp-json\/wp\/v2\/comments?post=13538"}],"version-history":[{"count":1,"href":"https:\/\/dgospel.com.br\/portal\/index.php\/wp-json\/wp\/v2\/posts\/13538\/revisions"}],"predecessor-version":[{"id":13540,"href":"https:\/\/dgospel.com.br\/portal\/index.php\/wp-json\/wp\/v2\/posts\/13538\/revisions\/13540"}],"wp:featuredmedia":[{"embeddable":true,"href":"https:\/\/dgospel.com.br\/portal\/index.php\/wp-json\/wp\/v2\/media\/13539"}],"wp:attachment":[{"href":"https:\/\/dgospel.com.br\/portal\/index.php\/wp-json\/wp\/v2\/media?parent=13538"}],"wp:term":[{"taxonomy":"category","embeddable":true,"href":"https:\/\/dgospel.com.br\/portal\/index.php\/wp-json\/wp\/v2\/categories?post=13538"},{"taxonomy":"post_tag","embeddable":true,"href":"https:\/\/dgospel.com.br\/portal\/index.php\/wp-json\/wp\/v2\/tags?post=13538"}],"curies":[{"name":"wp","href":"https:\/\/api.w.org\/{rel}","templated":true}]}}