{"id":13547,"date":"2022-11-22T18:20:29","date_gmt":"2022-11-22T21:20:29","guid":{"rendered":"http:\/\/dgospel.com.br\/portal\/?p=13547"},"modified":"2022-11-22T18:20:30","modified_gmt":"2022-11-22T21:20:30","slug":"nao-acreditem-em-fake-news-diz-guedes-sobre-rombo-ou-irresponsabilidade-fiscal","status":"publish","type":"post","link":"https:\/\/dgospel.com.br\/portal\/index.php\/2022\/11\/22\/nao-acreditem-em-fake-news-diz-guedes-sobre-rombo-ou-irresponsabilidade-fiscal\/","title":{"rendered":"N\u00e3o acreditem em fake news, diz Guedes, sobre rombo ou irresponsabilidade fiscal"},"content":{"rendered":"\n<p>O ministro da Economia, Paulo Guedes, afirmou nesta ter\u00e7a-feira (22) que a popula\u00e7\u00e3o brasileira n\u00e3o deve acreditar em fake news que afirmam que h\u00e1 rombo ou irresponsabilidade fiscal. Segundo ele, como o debate sobre as contas p\u00fablicas est\u00e3o em destaque \u00e9 necess\u00e1ria uma vis\u00e3o realista.<\/p>\n\n\n\n<p>As declara\u00e7\u00f5es foram feitas durante coletiva do Relat\u00f3rio de Avalia\u00e7\u00e3o de Receitas e Despesas do quinto bimestre. Guedes afirmou que o governo federal registrar\u00e1 o primeiro super\u00e1vit desde 2013. A estimativa \u00e9 que as contas terminem 2022 no azul em R$ 23,3 bilh\u00f5es.<\/p>\n\n\n\n<p>O ministro da Economia tamb\u00e9m alertou que um diagn\u00f3stico errado sobre a economia pode levar a decis\u00f5es erradas do pr\u00f3ximo governo.<\/p>\n\n\n\n<p>&#8220;O pa\u00eds pode fazer uma coisa muito ruim achando que j\u00e1 est\u00e1 tudo arrombado mesmo, n\u00e3o existe isso. N\u00e3o acreditem em fakes, n\u00e3o acreditem em mentiras. O grande problema \u00e9 seguir a mentira e acreditar na mentira. Com isso, voc\u00ea comete erros grosseiros. Partindo do diagn\u00f3stico errado s\u00e3o cometidos erros&#8221;, disse Guedes.<\/p>\n\n\n\n<h3>Heran\u00e7a maldita<\/h3>\n\n\n\n<p>O ministro da Economia afirmou que o debate sobre a pol\u00edtica fiscal no pa\u00eds est\u00e1 contaminado depois da vit\u00f3ria de Luiz In\u00e1cio Lula da Silva. Segundo ele, &#8220;pessoas despreparadas&#8221; t\u00eam feito an\u00e1lises erradas.<\/p>\n\n\n\n<p>&#8220;Ser\u00e1 que tem gente despreparada querendo falsificar a realidade fiscal do pa\u00eds? Como algu\u00e9m s\u00e9rio e preparado pode falar em heran\u00e7a maldita?&#8221;, questionou Guedes.<\/p>\n\n\n\n<p>Ele ainda declarou que, para economistas preparados, a situa\u00e7\u00e3o fiscal de 2023 \u00e9 relativamente simples. Ele afirmou que, se o presidente Jair Bolsonaro (PL) tivesse sido reeleito, o Aux\u00edlio Brasil de R$ 600 teria uma fonte de custeio permanente com a aprova\u00e7\u00e3o da reforma tribut\u00e1ria, com a taxa\u00e7\u00e3o de dividendos. Na quinta-feira passada, esse desenho alternativo da atual equipe foi revelado pela jornalista C\u00e9lia Froufe em sua coluna no Broadcast, sistema de not\u00edcias em tempo real do Grupo Estado.<\/p>\n\n\n\n<p>&#8220;Farm\u00e1cia Popular, merenda, tudo cabe em uma PEC relativamente simples e bem formulada&#8221;, disse o ministro.<\/p>\n\n\n\n<p>Guedes ainda agradeceu o apoio de Bolsonaro, do Congresso e do Supremo Tribunal Federal (STF) para buscar solu\u00e7\u00f5es e construir caminhos para resolver diversos assuntos e problemas ao longo dos \u00faltimos anos.<\/p>\n\n\n\n<h3>Presid\u00eancia do BID<\/h3>\n\n\n\n<p>O ministro da Economia afirmou ainda que, no passado, o Brasil n\u00e3o tinha peso e influ\u00eancia internacional suficientes para indicar um presidente para o Banco Interamericano de Desenvolvimento (BID) que fosse eleito.<\/p>\n\n\n\n<p>O economista Ilan Goldfajn, ex-presidente do Banco Central (BC), ser\u00e1 o primeiro brasileiro a comandar o BID, com sede em Washington. A elei\u00e7\u00e3o ocorreu no domingo.<\/p>\n\n\n\n<p>Ele assume a presid\u00eancia do BID ainda em 2022, por um per\u00edodo de cinco anos, depois de uma campanha marcada por disputa pol\u00edtica e elei\u00e7\u00f5es antecipadas por um esc\u00e2ndalo \u00e9tico na gest\u00e3o anterior. Como mostrou o Broadcast, setores ligados ao PT, partido do presidente eleito Luiz In\u00e1cio Lula da Silva, chegaram a fazer campanha contra Ilan.<\/p>\n","protected":false},"excerpt":{"rendered":"<p>O ministro da Economia, Paulo Guedes, afirmou nesta ter\u00e7a-feira (22) que a popula\u00e7\u00e3o brasileira n\u00e3o deve acreditar em fake news que afirmam que h\u00e1 rombo ou irresponsabilidade fiscal. Segundo ele, como o debate sobre as contas p\u00fablicas est\u00e3o em destaque \u00e9 necess\u00e1ria uma vis\u00e3o realista. As declara\u00e7\u00f5es foram feitas durante coletiva do Relat\u00f3rio de Avalia\u00e7\u00e3o [&hellip;]<\/p>\n","protected":false},"author":2,"featured_media":13548,"comment_status":"open","ping_status":"open","sticky":false,"template":"","format":"standard","meta":[],"categories":[10],"tags":[],"_links":{"self":[{"href":"https:\/\/dgospel.com.br\/portal\/index.php\/wp-json\/wp\/v2\/posts\/13547"}],"collection":[{"href":"https:\/\/dgospel.com.br\/portal\/index.php\/wp-json\/wp\/v2\/posts"}],"about":[{"href":"https:\/\/dgospel.com.br\/portal\/index.php\/wp-json\/wp\/v2\/types\/post"}],"author":[{"embeddable":true,"href":"https:\/\/dgospel.com.br\/portal\/index.php\/wp-json\/wp\/v2\/users\/2"}],"replies":[{"embeddable":true,"href":"https:\/\/dgospel.com.br\/portal\/index.php\/wp-json\/wp\/v2\/comments?post=13547"}],"version-history":[{"count":1,"href":"https:\/\/dgospel.com.br\/portal\/index.php\/wp-json\/wp\/v2\/posts\/13547\/revisions"}],"predecessor-version":[{"id":13549,"href":"https:\/\/dgospel.com.br\/portal\/index.php\/wp-json\/wp\/v2\/posts\/13547\/revisions\/13549"}],"wp:featuredmedia":[{"embeddable":true,"href":"https:\/\/dgospel.com.br\/portal\/index.php\/wp-json\/wp\/v2\/media\/13548"}],"wp:attachment":[{"href":"https:\/\/dgospel.com.br\/portal\/index.php\/wp-json\/wp\/v2\/media?parent=13547"}],"wp:term":[{"taxonomy":"category","embeddable":true,"href":"https:\/\/dgospel.com.br\/portal\/index.php\/wp-json\/wp\/v2\/categories?post=13547"},{"taxonomy":"post_tag","embeddable":true,"href":"https:\/\/dgospel.com.br\/portal\/index.php\/wp-json\/wp\/v2\/tags?post=13547"}],"curies":[{"name":"wp","href":"https:\/\/api.w.org\/{rel}","templated":true}]}}