{"id":13550,"date":"2022-11-23T09:35:53","date_gmt":"2022-11-23T12:35:53","guid":{"rendered":"http:\/\/dgospel.com.br\/portal\/?p=13550"},"modified":"2022-11-23T09:35:54","modified_gmt":"2022-11-23T12:35:54","slug":"rubens-uchoa-pede-mais-patrulhamento-da-guarda-metropolitana-na-quadra-705-sul","status":"publish","type":"post","link":"https:\/\/dgospel.com.br\/portal\/index.php\/2022\/11\/23\/rubens-uchoa-pede-mais-patrulhamento-da-guarda-metropolitana-na-quadra-705-sul\/","title":{"rendered":"Rubens Uch\u00f4a pede mais patrulhamento da Guarda Metropolitana na quadra 705 sul"},"content":{"rendered":"\n<p>O vereador Rubens Uch\u00f4a (Uni\u00e3o Brasil)&nbsp;apresentou um requerimento solicitando que o patrulhamento da Guarda Metropolitana na quadra 705 sul seja intensificado. A solicita\u00e7\u00e3o foi realizada para garantir mais seguran\u00e7a para a comunidade.<\/p>\n\n\n\n<p>\u201cConsiderando os altos \u00edndices de criminalidade, \u00e9 importante que o munic\u00edpio promova meios para proporcionar mais seguran\u00e7a e bem-estar para a popula\u00e7\u00e3o\u201d, destacou.<\/p>\n\n\n\n<p>O pedido do parlamentar requer mais efetivo para realiza\u00e7\u00e3o de ronda ostensiva na regi\u00e3o<\/p>\n","protected":false},"excerpt":{"rendered":"<p>O vereador Rubens Uch\u00f4a (Uni\u00e3o Brasil)&nbsp;apresentou um requerimento solicitando que o patrulhamento da Guarda Metropolitana na quadra 705 sul seja intensificado. A solicita\u00e7\u00e3o foi realizada para garantir mais seguran\u00e7a para a comunidade. \u201cConsiderando os altos \u00edndices de criminalidade, \u00e9 importante que o munic\u00edpio promova meios para proporcionar mais seguran\u00e7a e bem-estar para a popula\u00e7\u00e3o\u201d, destacou. [&hellip;]<\/p>\n","protected":false},"author":2,"featured_media":13551,"comment_status":"open","ping_status":"open","sticky":false,"template":"","format":"standard","meta":[],"categories":[8],"tags":[],"_links":{"self":[{"href":"https:\/\/dgospel.com.br\/portal\/index.php\/wp-json\/wp\/v2\/posts\/13550"}],"collection":[{"href":"https:\/\/dgospel.com.br\/portal\/index.php\/wp-json\/wp\/v2\/posts"}],"about":[{"href":"https:\/\/dgospel.com.br\/portal\/index.php\/wp-json\/wp\/v2\/types\/post"}],"author":[{"embeddable":true,"href":"https:\/\/dgospel.com.br\/portal\/index.php\/wp-json\/wp\/v2\/users\/2"}],"replies":[{"embeddable":true,"href":"https:\/\/dgospel.com.br\/portal\/index.php\/wp-json\/wp\/v2\/comments?post=13550"}],"version-history":[{"count":1,"href":"https:\/\/dgospel.com.br\/portal\/index.php\/wp-json\/wp\/v2\/posts\/13550\/revisions"}],"predecessor-version":[{"id":13552,"href":"https:\/\/dgospel.com.br\/portal\/index.php\/wp-json\/wp\/v2\/posts\/13550\/revisions\/13552"}],"wp:featuredmedia":[{"embeddable":true,"href":"https:\/\/dgospel.com.br\/portal\/index.php\/wp-json\/wp\/v2\/media\/13551"}],"wp:attachment":[{"href":"https:\/\/dgospel.com.br\/portal\/index.php\/wp-json\/wp\/v2\/media?parent=13550"}],"wp:term":[{"taxonomy":"category","embeddable":true,"href":"https:\/\/dgospel.com.br\/portal\/index.php\/wp-json\/wp\/v2\/categories?post=13550"},{"taxonomy":"post_tag","embeddable":true,"href":"https:\/\/dgospel.com.br\/portal\/index.php\/wp-json\/wp\/v2\/tags?post=13550"}],"curies":[{"name":"wp","href":"https:\/\/api.w.org\/{rel}","templated":true}]}}