{"id":13553,"date":"2022-11-23T09:37:57","date_gmt":"2022-11-23T12:37:57","guid":{"rendered":"http:\/\/dgospel.com.br\/portal\/?p=13553"},"modified":"2022-11-23T09:37:58","modified_gmt":"2022-11-23T12:37:58","slug":"rubens-rubens-uchoa-solicita-construcao-de-unidade-de-saude-na-quadra-509-sul","status":"publish","type":"post","link":"https:\/\/dgospel.com.br\/portal\/index.php\/2022\/11\/23\/rubens-rubens-uchoa-solicita-construcao-de-unidade-de-saude-na-quadra-509-sul\/","title":{"rendered":"Rubens Rubens Uch\u00f4a solicita constru\u00e7\u00e3o de unidade de sa\u00fade na quadra 509 sul"},"content":{"rendered":"\n<p>O vereador Rubens Uch\u00f4a (Uni\u00e3o Brasil) apresentou um requerimento na C\u00e2mara Municipal de Palmas, solicitando a constru\u00e7\u00e3o de uma Unidade B\u00e1sica de Sa\u00fade para atender aos moradores da quadra 509 sul.<\/p>\n\n\n\n<p>\u201c\u00c9 importante ter uma Unidade de Sa\u00fade na regi\u00e3o, garantindo atendimento m\u00e9dico adequado para os moradores\u201d, afirma.<\/p>\n\n\n\n<p>Ap\u00f3s aprova\u00e7\u00e3o, o requerimento ser\u00e1 enviado para a prefeitura de Palmas.<\/p>\n","protected":false},"excerpt":{"rendered":"<p>O vereador Rubens Uch\u00f4a (Uni\u00e3o Brasil) apresentou um requerimento na C\u00e2mara Municipal de Palmas, solicitando a constru\u00e7\u00e3o de uma Unidade B\u00e1sica de Sa\u00fade para atender aos moradores da quadra 509 sul. \u201c\u00c9 importante ter uma Unidade de Sa\u00fade na regi\u00e3o, garantindo atendimento m\u00e9dico adequado para os moradores\u201d, afirma. Ap\u00f3s aprova\u00e7\u00e3o, o requerimento ser\u00e1 enviado para [&hellip;]<\/p>\n","protected":false},"author":2,"featured_media":13554,"comment_status":"open","ping_status":"open","sticky":false,"template":"","format":"standard","meta":[],"categories":[8],"tags":[],"_links":{"self":[{"href":"https:\/\/dgospel.com.br\/portal\/index.php\/wp-json\/wp\/v2\/posts\/13553"}],"collection":[{"href":"https:\/\/dgospel.com.br\/portal\/index.php\/wp-json\/wp\/v2\/posts"}],"about":[{"href":"https:\/\/dgospel.com.br\/portal\/index.php\/wp-json\/wp\/v2\/types\/post"}],"author":[{"embeddable":true,"href":"https:\/\/dgospel.com.br\/portal\/index.php\/wp-json\/wp\/v2\/users\/2"}],"replies":[{"embeddable":true,"href":"https:\/\/dgospel.com.br\/portal\/index.php\/wp-json\/wp\/v2\/comments?post=13553"}],"version-history":[{"count":1,"href":"https:\/\/dgospel.com.br\/portal\/index.php\/wp-json\/wp\/v2\/posts\/13553\/revisions"}],"predecessor-version":[{"id":13555,"href":"https:\/\/dgospel.com.br\/portal\/index.php\/wp-json\/wp\/v2\/posts\/13553\/revisions\/13555"}],"wp:featuredmedia":[{"embeddable":true,"href":"https:\/\/dgospel.com.br\/portal\/index.php\/wp-json\/wp\/v2\/media\/13554"}],"wp:attachment":[{"href":"https:\/\/dgospel.com.br\/portal\/index.php\/wp-json\/wp\/v2\/media?parent=13553"}],"wp:term":[{"taxonomy":"category","embeddable":true,"href":"https:\/\/dgospel.com.br\/portal\/index.php\/wp-json\/wp\/v2\/categories?post=13553"},{"taxonomy":"post_tag","embeddable":true,"href":"https:\/\/dgospel.com.br\/portal\/index.php\/wp-json\/wp\/v2\/tags?post=13553"}],"curies":[{"name":"wp","href":"https:\/\/api.w.org\/{rel}","templated":true}]}}