{"id":13556,"date":"2022-11-23T09:39:48","date_gmt":"2022-11-23T12:39:48","guid":{"rendered":"http:\/\/dgospel.com.br\/portal\/?p=13556"},"modified":"2022-11-23T09:39:49","modified_gmt":"2022-11-23T12:39:49","slug":"rubens-uchoa-solicita-implantacao-de-academia-ao-ar-livre-na-praia-da-graciosa","status":"publish","type":"post","link":"https:\/\/dgospel.com.br\/portal\/index.php\/2022\/11\/23\/rubens-uchoa-solicita-implantacao-de-academia-ao-ar-livre-na-praia-da-graciosa\/","title":{"rendered":"Rubens Uch\u00f4a solicita implanta\u00e7\u00e3o de academia ao ar livre na praia da Graciosa"},"content":{"rendered":"\n<p>O vereador Rubens Uch\u00f4a (Uni\u00e3o Brasil) &nbsp;apresentou um requerimento solicitando a implanta\u00e7\u00e3o de uma academia ao ar livre na praia da Graciosa. A solicita\u00e7\u00e3o foi apresentada na C\u00e2mara Municipal de Palmas.<\/p>\n\n\n\n<p>\u201cO exerc\u00edcio e o lazer s\u00e3o direitos individuais e coletivos e o poder p\u00fablico precisa propiciar as condi\u00e7\u00f5es e materiais suficientes para a efetiva\u00e7\u00e3o dessa garantia\u201d, afirma.<\/p>\n\n\n\n<p>Segundo o parlamentar a academia ir\u00e1 trazer in\u00fameros benef\u00edcios para a popula\u00e7\u00e3o. \u201cEsse espa\u00e7o vai promover a pr\u00e1tica de exerc\u00edcios f\u00edsicos e vai melhorar a qualidade de vida dos frequentadores\u201d, destaca.<\/p>\n","protected":false},"excerpt":{"rendered":"<p>O vereador Rubens Uch\u00f4a (Uni\u00e3o Brasil) &nbsp;apresentou um requerimento solicitando a implanta\u00e7\u00e3o de uma academia ao ar livre na praia da Graciosa. A solicita\u00e7\u00e3o foi apresentada na C\u00e2mara Municipal de Palmas. \u201cO exerc\u00edcio e o lazer s\u00e3o direitos individuais e coletivos e o poder p\u00fablico precisa propiciar as condi\u00e7\u00f5es e materiais suficientes para a efetiva\u00e7\u00e3o [&hellip;]<\/p>\n","protected":false},"author":2,"featured_media":13557,"comment_status":"open","ping_status":"open","sticky":false,"template":"","format":"standard","meta":[],"categories":[8],"tags":[],"_links":{"self":[{"href":"https:\/\/dgospel.com.br\/portal\/index.php\/wp-json\/wp\/v2\/posts\/13556"}],"collection":[{"href":"https:\/\/dgospel.com.br\/portal\/index.php\/wp-json\/wp\/v2\/posts"}],"about":[{"href":"https:\/\/dgospel.com.br\/portal\/index.php\/wp-json\/wp\/v2\/types\/post"}],"author":[{"embeddable":true,"href":"https:\/\/dgospel.com.br\/portal\/index.php\/wp-json\/wp\/v2\/users\/2"}],"replies":[{"embeddable":true,"href":"https:\/\/dgospel.com.br\/portal\/index.php\/wp-json\/wp\/v2\/comments?post=13556"}],"version-history":[{"count":1,"href":"https:\/\/dgospel.com.br\/portal\/index.php\/wp-json\/wp\/v2\/posts\/13556\/revisions"}],"predecessor-version":[{"id":13558,"href":"https:\/\/dgospel.com.br\/portal\/index.php\/wp-json\/wp\/v2\/posts\/13556\/revisions\/13558"}],"wp:featuredmedia":[{"embeddable":true,"href":"https:\/\/dgospel.com.br\/portal\/index.php\/wp-json\/wp\/v2\/media\/13557"}],"wp:attachment":[{"href":"https:\/\/dgospel.com.br\/portal\/index.php\/wp-json\/wp\/v2\/media?parent=13556"}],"wp:term":[{"taxonomy":"category","embeddable":true,"href":"https:\/\/dgospel.com.br\/portal\/index.php\/wp-json\/wp\/v2\/categories?post=13556"},{"taxonomy":"post_tag","embeddable":true,"href":"https:\/\/dgospel.com.br\/portal\/index.php\/wp-json\/wp\/v2\/tags?post=13556"}],"curies":[{"name":"wp","href":"https:\/\/api.w.org\/{rel}","templated":true}]}}