{"id":13559,"date":"2022-11-23T10:07:59","date_gmt":"2022-11-23T13:07:59","guid":{"rendered":"http:\/\/dgospel.com.br\/portal\/?p=13559"},"modified":"2022-11-23T10:10:16","modified_gmt":"2022-11-23T13:10:16","slug":"moraes-convoca-reuniao-com-comandantes-da-pm-e-mourao-afirma-que-brasil-esta-em-estado-de-excecao","status":"publish","type":"post","link":"https:\/\/dgospel.com.br\/portal\/index.php\/2022\/11\/23\/moraes-convoca-reuniao-com-comandantes-da-pm-e-mourao-afirma-que-brasil-esta-em-estado-de-excecao\/","title":{"rendered":"Moraes convoca reuni\u00e3o com comandantes da PM e Mour\u00e3o afirma que Brasil est\u00e1 em \u201cestado de exce\u00e7\u00e3o\u201d"},"content":{"rendered":"\n<p>O ministro Alexandre de Moraes, do STF, convocou uma reuni\u00e3o com os comandantes-gerais de todas as Pol\u00edcias Militares, nesta quarta-feira (23) em Bras\u00edlia, para saber as a\u00e7\u00f5es adotadas pela seguran\u00e7a p\u00fablica durante as elei\u00e7\u00f5es, al\u00e9m de debater protocolos que ser\u00e3o adotados para os pr\u00f3ximos pleitos. A informa\u00e7\u00e3o \u00e9 do jornal O Estado de S. Paulo.<a rel=\"noreferrer noopener\" href=\"https:\/\/www.assembleia.pr.leg.br\/\" target=\"_blank\"><\/a><\/p>\n\n\n\n<p>Ainda segundo a publica\u00e7\u00e3o, o Pal\u00e1cio do Planalto considerou a convoca\u00e7\u00e3o um \u201cdesrespeito ao pacto federativo e investida inconstitucional de Moraes sobre as pol\u00edcias que s\u00e3o subordinadas aos governadores\u201d.<\/p>\n\n\n\n<p>O vice-presidente, general Hamilton Mour\u00e3o (PRTB), pediu um estudo \u00e0 sua assessoria jur\u00eddica para impedir a reuni\u00e3o, por acreditar que h\u00e1 um \u201cestado de exce\u00e7\u00e3o\u201d provocado pela Justi\u00e7a, j\u00e1 que o per\u00edodo&nbsp; eleitoral j\u00e1 foi encerrado e a Pol\u00edcia Militar n\u00e3o pode ser usada para tentar conter os bloqueios em rodovias federais, por ser uma atribui\u00e7\u00e3o da Pol\u00edcia Rodovi\u00e1ria Federal (PRF).<\/p>\n\n\n\n<p>\u201cA t\u00edtulo de combater manifesta\u00e7\u00f5es conceituadas como antidemocr\u00e1ticas, as decis\u00f5es judiciais do ministro Alexandre de Moraes t\u00eam suspendido direitos fundamentais outorgados na Constitui\u00e7\u00e3o\u201d, contesta Mour\u00e3o.<\/p>\n\n\n\n<p>Fonte: horabrasilia<\/p>\n","protected":false},"excerpt":{"rendered":"<p>O ministro Alexandre de Moraes, do STF, convocou uma reuni\u00e3o com os comandantes-gerais de todas as Pol\u00edcias Militares, nesta quarta-feira (23) em Bras\u00edlia, para saber as a\u00e7\u00f5es adotadas pela seguran\u00e7a p\u00fablica durante as elei\u00e7\u00f5es, al\u00e9m de debater protocolos que ser\u00e3o adotados para os pr\u00f3ximos pleitos. A informa\u00e7\u00e3o \u00e9 do jornal O Estado de S. Paulo. [&hellip;]<\/p>\n","protected":false},"author":2,"featured_media":13560,"comment_status":"open","ping_status":"open","sticky":false,"template":"","format":"standard","meta":[],"categories":[10],"tags":[],"_links":{"self":[{"href":"https:\/\/dgospel.com.br\/portal\/index.php\/wp-json\/wp\/v2\/posts\/13559"}],"collection":[{"href":"https:\/\/dgospel.com.br\/portal\/index.php\/wp-json\/wp\/v2\/posts"}],"about":[{"href":"https:\/\/dgospel.com.br\/portal\/index.php\/wp-json\/wp\/v2\/types\/post"}],"author":[{"embeddable":true,"href":"https:\/\/dgospel.com.br\/portal\/index.php\/wp-json\/wp\/v2\/users\/2"}],"replies":[{"embeddable":true,"href":"https:\/\/dgospel.com.br\/portal\/index.php\/wp-json\/wp\/v2\/comments?post=13559"}],"version-history":[{"count":2,"href":"https:\/\/dgospel.com.br\/portal\/index.php\/wp-json\/wp\/v2\/posts\/13559\/revisions"}],"predecessor-version":[{"id":13562,"href":"https:\/\/dgospel.com.br\/portal\/index.php\/wp-json\/wp\/v2\/posts\/13559\/revisions\/13562"}],"wp:featuredmedia":[{"embeddable":true,"href":"https:\/\/dgospel.com.br\/portal\/index.php\/wp-json\/wp\/v2\/media\/13560"}],"wp:attachment":[{"href":"https:\/\/dgospel.com.br\/portal\/index.php\/wp-json\/wp\/v2\/media?parent=13559"}],"wp:term":[{"taxonomy":"category","embeddable":true,"href":"https:\/\/dgospel.com.br\/portal\/index.php\/wp-json\/wp\/v2\/categories?post=13559"},{"taxonomy":"post_tag","embeddable":true,"href":"https:\/\/dgospel.com.br\/portal\/index.php\/wp-json\/wp\/v2\/tags?post=13559"}],"curies":[{"name":"wp","href":"https:\/\/api.w.org\/{rel}","templated":true}]}}