{"id":1356,"date":"2018-09-18T11:24:33","date_gmt":"2018-09-18T14:24:33","guid":{"rendered":"http:\/\/dgospel.com.br\/portal\/?p=1356"},"modified":"2018-09-18T11:24:33","modified_gmt":"2018-09-18T14:24:33","slug":"assembleia-de-deus-ministerio-do-belem-sp-realiza-72a-escola-biblica-de-obreiros","status":"publish","type":"post","link":"https:\/\/dgospel.com.br\/portal\/index.php\/2018\/09\/18\/assembleia-de-deus-ministerio-do-belem-sp-realiza-72a-escola-biblica-de-obreiros\/","title":{"rendered":"Assembleia de Deus Minist\u00e9rio do Bel\u00e9m (SP) realiza 72\u00aa Escola B\u00edblica de Obreiros"},"content":{"rendered":"<p><img loading=\"lazy\" class=\"alignnone size-medium wp-image-1358\" src=\"http:\/\/dgospel.com.br\/portal\/wp-content\/uploads\/2018\/09\/belem4-300x200.jpg\" alt=\"\" width=\"300\" height=\"200\" srcset=\"https:\/\/dgospel.com.br\/portal\/wp-content\/uploads\/2018\/09\/belem4-300x200.jpg 300w, https:\/\/dgospel.com.br\/portal\/wp-content\/uploads\/2018\/09\/belem4.jpg 744w\" sizes=\"(max-width: 300px) 100vw, 300px\" \/><\/p>\n<p>Com centenas de irm\u00e3os louvando ao Senhor com os hinos de n\u00famero 185 e 252, teve in\u00edcio as 19h do \u00faltimo domingo (16), a 72\u00aa Escola B\u00edblica de Obreiros (EBO) da Igreja Evang\u00e9lica Assembleia de Deus em S\u00e3o Paulo \u2013 Minist\u00e9rio do Bel\u00e9m. O culto foi dirigido pelo pastor Jos\u00e9 Wellington Costa Junior, presidente da Conven\u00e7\u00e3o Geral das Assembleias de Deus no Brasil (CGADB) e o evento foi aberto oficialmente pelo presidente da Igreja, pastor Jos\u00e9 Wellington Bezerra da Costa, que foi o primeiro preletor dos 16 dias da EBO.<\/p>\n<p>A solenidade de abertura contou com a entrada das bandeiras da federa\u00e7\u00e3o, estado e munic\u00edpio, bem como do estandarte da denomina\u00e7\u00e3o conduzidos pelos militares Ezequiel, Meir, Sandra e Talisson; o c\u00e2ntico do Hino Nacional e tamb\u00e9m do Hino Oficial das Assembleias de Deus no Brasil, 144 da Harpa Crist\u00e3.<\/p>\n<p>O pastor Jos\u00e9 Prado Veiga, segundo-secret\u00e1rio do Minist\u00e9rio proferiu a leitura oficial em Lucas 4:14-20; o primeiro-secret\u00e1rio, pastor Jos\u00e9 Pereira da Silva agradeceu com ora\u00e7\u00e3o pelo cerimonial de abertura e tamb\u00e9m entregou ao Pastor Presidente o kit composto por uma pasta, caneta e apostila da EBO; todos os conjuntos do templo-sede, coral e orquestra, jovens, adolescentes e crian\u00e7as abrilhantaram o culto com belas can\u00e7\u00f5es de adora\u00e7\u00e3o a Deus.<\/p>\n<p>Al\u00e9m da diretoria da igreja, estiveram presentes dezenas de pastores membros das diretorias da CONFRADESP, CGADB e presidentes de Campos n\u00e3o s\u00f3 do estado de SP, mas de diversos outros estados do pa\u00eds e at\u00e9 do exterior, como as caravanas do Paraguai e do Panam\u00e1 j\u00e1 estavam presentes no culto de abertura e foram apresentados pelo pastor Paulo Rodrigues de Morais, terceiro-secret\u00e1rio da igreja. O pastor Jeremias Borges, segundo-tesoureiro, apresentou os pedidos de ora\u00e7\u00e3o antes que o pastor Daniel Medeiros da Rocha orasse pelo preletor.<\/p>\n<p>Com un\u00e7\u00e3o e entusiasmo, o pastor Jos\u00e9 Wellington pregou a palavra de Deus; ele iniciou suas palavras destacando a import\u00e2ncia do evento na sua pr\u00f3pria vida, pois \u00e9 aluno desta EBO h\u00e1 62 anos; reafirmou a import\u00e2ncia do trabalho para toda Igreja e ainda relembrou momentos da lideran\u00e7a do saudoso pastor C\u00edcero Canuto de Lima \u00e0 frente do evento. Sua mensagem teve por base o texto de Atos 16:1-6, ele destacou que \u201cCrentes cheios do Espirito Santo, por onde passam deixam um rastro de fogo e que o \u00e2mago do Minist\u00e9rio de qualquer obreiro \u00e9 falar de Jesus\u201d e concluiu incitando os presentes a seguirem firma na miss\u00e3o confiada por Jesus ao seu povo \u201cContinuemos falando de Jesus, continuemos pregando o Evangelho\u201d finalizou.<\/p>\n<p>O pastor Jos\u00e9 Roberto de Freiras Pedro, tamb\u00e9m membro da diretoria orou agradecendo ao Senhor pelo culto festivo. Os estudos b\u00edblicos se iniciaram na manh\u00e3 desta segunda (17) e seguem at\u00e9 o pr\u00f3ximo dia 01 de outubro com tr\u00eas ministra\u00e7\u00f5es no per\u00edodo da manh\u00e3; duas \u00e0 tarde e mensagem dos cultos da noite. A entrada no evento \u00e9 gratuita, n\u00e3o h\u00e1 taxa de inscri\u00e7\u00e3o e a alimenta\u00e7\u00e3o \u00e9 fornecida gratuitamente aos participantes. Participe!<\/p>\n","protected":false},"excerpt":{"rendered":"<p>Com centenas de irm\u00e3os louvando ao Senhor com os hinos de n\u00famero 185 e 252, teve in\u00edcio as 19h do \u00faltimo domingo (16), a 72\u00aa Escola B\u00edblica de Obreiros (EBO) da Igreja Evang\u00e9lica Assembleia de Deus em S\u00e3o Paulo \u2013 Minist\u00e9rio do Bel\u00e9m. O culto foi dirigido pelo pastor Jos\u00e9 Wellington Costa Junior, presidente da [&hellip;]<\/p>\n","protected":false},"author":2,"featured_media":1357,"comment_status":"open","ping_status":"open","sticky":false,"template":"","format":"standard","meta":[],"categories":[2,5,6],"tags":[],"_links":{"self":[{"href":"https:\/\/dgospel.com.br\/portal\/index.php\/wp-json\/wp\/v2\/posts\/1356"}],"collection":[{"href":"https:\/\/dgospel.com.br\/portal\/index.php\/wp-json\/wp\/v2\/posts"}],"about":[{"href":"https:\/\/dgospel.com.br\/portal\/index.php\/wp-json\/wp\/v2\/types\/post"}],"author":[{"embeddable":true,"href":"https:\/\/dgospel.com.br\/portal\/index.php\/wp-json\/wp\/v2\/users\/2"}],"replies":[{"embeddable":true,"href":"https:\/\/dgospel.com.br\/portal\/index.php\/wp-json\/wp\/v2\/comments?post=1356"}],"version-history":[{"count":1,"href":"https:\/\/dgospel.com.br\/portal\/index.php\/wp-json\/wp\/v2\/posts\/1356\/revisions"}],"predecessor-version":[{"id":1359,"href":"https:\/\/dgospel.com.br\/portal\/index.php\/wp-json\/wp\/v2\/posts\/1356\/revisions\/1359"}],"wp:featuredmedia":[{"embeddable":true,"href":"https:\/\/dgospel.com.br\/portal\/index.php\/wp-json\/wp\/v2\/media\/1357"}],"wp:attachment":[{"href":"https:\/\/dgospel.com.br\/portal\/index.php\/wp-json\/wp\/v2\/media?parent=1356"}],"wp:term":[{"taxonomy":"category","embeddable":true,"href":"https:\/\/dgospel.com.br\/portal\/index.php\/wp-json\/wp\/v2\/categories?post=1356"},{"taxonomy":"post_tag","embeddable":true,"href":"https:\/\/dgospel.com.br\/portal\/index.php\/wp-json\/wp\/v2\/tags?post=1356"}],"curies":[{"name":"wp","href":"https:\/\/api.w.org\/{rel}","templated":true}]}}