{"id":13563,"date":"2022-11-23T10:12:26","date_gmt":"2022-11-23T13:12:26","guid":{"rendered":"http:\/\/dgospel.com.br\/portal\/?p=13563"},"modified":"2022-11-23T10:12:27","modified_gmt":"2022-11-23T13:12:27","slug":"senado-aprova-audiencia-publica-para-debater-questoes-nao-explicadas-das-eleicoes-2022","status":"publish","type":"post","link":"https:\/\/dgospel.com.br\/portal\/index.php\/2022\/11\/23\/senado-aprova-audiencia-publica-para-debater-questoes-nao-explicadas-das-eleicoes-2022\/","title":{"rendered":"Senado aprova audi\u00eancia p\u00fablica para debater \u201cquest\u00f5es n\u00e3o explicadas\u201d das elei\u00e7\u00f5es 2022"},"content":{"rendered":"\n<p>Na noite de ter\u00e7a-feira (22), a Comiss\u00e3o de Transpar\u00eancia, Governan\u00e7a, Fiscaliza\u00e7\u00e3o e Controle aprovou o requerimento do senador Eduardo Gir\u00e3o (Podemos) para realizar uma audi\u00eancia p\u00fablica para debater quest\u00f5es n\u00e3o explicadas das elei\u00e7\u00f5es 2022. Ser\u00e3o convocados Policiais Federais, juristas, ministros de Estado, ministros do STF, o servidor exonerado do TSE, um especialista do ITA e o argentino Fernando Cerimedo. O evento ser\u00e1 na quarta-feira (30), a partir das 9h30.<\/p>\n\n\n\n<p><a href=\"https:\/\/www.assembleia.pr.leg.br\/\" target=\"_blank\" rel=\"noreferrer noopener\"><\/a><\/p>\n\n\n\n<p>O objetivo destacado \u00e9 \u201cdiscutir a fiscaliza\u00e7\u00e3o das inser\u00e7\u00f5es de propagandas pol\u00edticas eleitorais\u201d. Por\u00e9m, ap\u00f3s o Partido Liberal protocolar uma a\u00e7\u00e3o apontando as inconsist\u00eancias nas urnas eletr\u00f4nicas, esse tema tamb\u00e9m dever\u00e1 entrar no debate.<\/p>\n\n\n\n<p>\u201cEntender o que est\u00e1 acontecendo no Brasil, buscar a verdade, com muito respeito, mas de forma obstinada. Teremos a presen\u00e7a de personalidades importantes que est\u00e3o sendo censuradas hoje no Brasil pelo TSE, inclusive\u201d, pontuou Gir\u00e3o.<\/p>\n\n\n\n<p>Segundo o senador, foram convidados para a audi\u00eancia p\u00fablica o ex-deputado e ex-delegado federal Prot\u00f3genes Queiroz, que afirmou, numa entrevista em 2017 que n\u00e3o foi reeleito em 2016 por fraude nas urnas eletr\u00f4nicas; e o argentino Fernando Cerimedo, que fez uma auditoria independente com base nos dados divulgados pelo TSE e apontou inconsist\u00eancias nas urnas.<\/p>\n\n\n\n<p>Pessoas envolvidas no relat\u00f3rio que denunciou a discrep\u00e2ncia de inser\u00e7\u00f5es da campanha de Bolsonaro nas r\u00e1dios do Norte e Nordeste, tamb\u00e9m foram convidadas. Al\u00e9m dos ministros da Defesa, general Paulo S\u00e9rgio Nogueira, e da Comunica\u00e7\u00e3o, F\u00e1bio Faria, al\u00e9m do servidor Alexandre Gomes Machado, exonerado do cargo em comiss\u00e3o de assessor de gabinete da Secretaria Judici\u00e1ria, da Secretaria-Geral da Presid\u00eancia do TSE.<\/p>\n\n\n\n<p>\u201cPara que a gente possa dialogar sobre democracia e liberdade n\u00e3o precisa ir a Nova Iorque. A gente pode fazer aqui no Senado, junto com a sociedade\u201d, explicou o senador.<\/p>\n","protected":false},"excerpt":{"rendered":"<p>Na noite de ter\u00e7a-feira (22), a Comiss\u00e3o de Transpar\u00eancia, Governan\u00e7a, Fiscaliza\u00e7\u00e3o e Controle aprovou o requerimento do senador Eduardo Gir\u00e3o (Podemos) para realizar uma audi\u00eancia p\u00fablica para debater quest\u00f5es n\u00e3o explicadas das elei\u00e7\u00f5es 2022. Ser\u00e3o convocados Policiais Federais, juristas, ministros de Estado, ministros do STF, o servidor exonerado do TSE, um especialista do ITA e [&hellip;]<\/p>\n","protected":false},"author":2,"featured_media":13564,"comment_status":"open","ping_status":"open","sticky":false,"template":"","format":"standard","meta":[],"categories":[8],"tags":[13],"_links":{"self":[{"href":"https:\/\/dgospel.com.br\/portal\/index.php\/wp-json\/wp\/v2\/posts\/13563"}],"collection":[{"href":"https:\/\/dgospel.com.br\/portal\/index.php\/wp-json\/wp\/v2\/posts"}],"about":[{"href":"https:\/\/dgospel.com.br\/portal\/index.php\/wp-json\/wp\/v2\/types\/post"}],"author":[{"embeddable":true,"href":"https:\/\/dgospel.com.br\/portal\/index.php\/wp-json\/wp\/v2\/users\/2"}],"replies":[{"embeddable":true,"href":"https:\/\/dgospel.com.br\/portal\/index.php\/wp-json\/wp\/v2\/comments?post=13563"}],"version-history":[{"count":1,"href":"https:\/\/dgospel.com.br\/portal\/index.php\/wp-json\/wp\/v2\/posts\/13563\/revisions"}],"predecessor-version":[{"id":13565,"href":"https:\/\/dgospel.com.br\/portal\/index.php\/wp-json\/wp\/v2\/posts\/13563\/revisions\/13565"}],"wp:featuredmedia":[{"embeddable":true,"href":"https:\/\/dgospel.com.br\/portal\/index.php\/wp-json\/wp\/v2\/media\/13564"}],"wp:attachment":[{"href":"https:\/\/dgospel.com.br\/portal\/index.php\/wp-json\/wp\/v2\/media?parent=13563"}],"wp:term":[{"taxonomy":"category","embeddable":true,"href":"https:\/\/dgospel.com.br\/portal\/index.php\/wp-json\/wp\/v2\/categories?post=13563"},{"taxonomy":"post_tag","embeddable":true,"href":"https:\/\/dgospel.com.br\/portal\/index.php\/wp-json\/wp\/v2\/tags?post=13563"}],"curies":[{"name":"wp","href":"https:\/\/api.w.org\/{rel}","templated":true}]}}