{"id":13566,"date":"2022-11-23T10:19:37","date_gmt":"2022-11-23T13:19:37","guid":{"rendered":"http:\/\/dgospel.com.br\/portal\/?p=13566"},"modified":"2022-11-23T10:19:38","modified_gmt":"2022-11-23T13:19:38","slug":"deputado-van-hattem-pede-abertura-de-cpi-para-analisar-decisoes-do-stf-e-do-tse","status":"publish","type":"post","link":"https:\/\/dgospel.com.br\/portal\/index.php\/2022\/11\/23\/deputado-van-hattem-pede-abertura-de-cpi-para-analisar-decisoes-do-stf-e-do-tse\/","title":{"rendered":"Deputado Van Hattem pede abertura de CPI para analisar decis\u00f5es do STF e do TSE"},"content":{"rendered":"\n<p>O&nbsp;<a href=\"https:\/\/twitter.com\/marcelvanhattem\" target=\"_blank\" rel=\"noreferrer noopener\"><strong>deputado federal<\/strong><\/a>&nbsp;Marcel van Hattem (Novo-RS) apresentou, nesta ter\u00e7a-feira, 22, um requerimento para a abertura de uma Comiss\u00e3o Parlamentar de Inqu\u00e9rito (CPI) a fim de investigar as decis\u00f5es e os atos praticados por ministros do Supremo Tribunal Federal (STF) e do Tribunal Superior Eleitoral (TSE).<\/p>\n\n\n\n<p>O pedido, enviado ao presidente da C\u00e2mara dos Deputados, Arthur Lira (PP-AL), precisa de 171 assinaturas para ser instaurado. Segundo Van Hattem, a comiss\u00e3o deve ser composta de 27 membros titulares, que v\u00e3o conduzir a investiga\u00e7\u00e3o em at\u00e9 120 dias.<\/p>\n\n\n\n<p><strong>A CPI deve apurar as seguintes atitudes dos ministros:<\/strong><\/p>\n\n\n\n<ul><li>Viola\u00e7\u00e3o de direitos e garantias fundamentais;<\/li><li>Pr\u00e1tica de condutas arbitr\u00e1rias sem a observ\u00e2ncia do devido processo legal;<\/li><li>Ado\u00e7\u00e3o de censura e atos de abuso de autoridade.<\/li><\/ul>\n\n\n\n<p>Entre os atos de censura elencados pelo parlamentar, est\u00e1 a busca e apreens\u00e3o no endere\u00e7o de oito empres\u00e1rios apoiadores do presidente Jair Bolsonaro (PL); a determina\u00e7\u00e3o de bloqueio das contas banc\u00e1rias de 43 pessoas e empresas \u201csuspeitas\u201d de financiarem \u201catos antidemocr\u00e1ticos\u201d; o bloqueio do perfil no Twitter do economista Marcos Cintra; o adiamento da exibi\u00e7\u00e3o de um document\u00e1rio da produtora Brasil Paralelo; a proibi\u00e7\u00e3o do uso de alguns termos por parte de comentaristas da emissora Jovem Pan, entre outros.<\/p>\n\n\n\n<p>O deputado destacou que o artigo 5\u00ba da Constitui\u00e7\u00e3o Federal consagrou os direitos individuais e as garantias fundamentais no ordenamento jur\u00eddico brasileiro. Al\u00e9m disso, Van Hattem afirmou que o artigo 102 conferiu ao STF, como sua atribui\u00e7\u00e3o, a guarda da Constitui\u00e7\u00e3o.<\/p>\n\n\n\n<p>\u201cForam in\u00fameras as viola\u00e7\u00f5es de direitos e garantias individuais contra cidad\u00e3os brasileiros, pol\u00edticos e contra pessoas jur\u00eddicas, perpetradas por ministros das Cortes superiores\u201d, argumentou o parlamentar, no requerimento. \u201cOu seja, perpetradas justamente por aqueles que teriam o dever de garantir o pleno exerc\u00edcio desses direitos, e n\u00e3o de viol\u00e1-los.\u201d<\/p>\n","protected":false},"excerpt":{"rendered":"<p>O&nbsp;deputado federal&nbsp;Marcel van Hattem (Novo-RS) apresentou, nesta ter\u00e7a-feira, 22, um requerimento para a abertura de uma Comiss\u00e3o Parlamentar de Inqu\u00e9rito (CPI) a fim de investigar as decis\u00f5es e os atos praticados por ministros do Supremo Tribunal Federal (STF) e do Tribunal Superior Eleitoral (TSE). O pedido, enviado ao presidente da C\u00e2mara dos Deputados, Arthur Lira [&hellip;]<\/p>\n","protected":false},"author":2,"featured_media":13567,"comment_status":"open","ping_status":"open","sticky":false,"template":"","format":"standard","meta":[],"categories":[8],"tags":[13],"_links":{"self":[{"href":"https:\/\/dgospel.com.br\/portal\/index.php\/wp-json\/wp\/v2\/posts\/13566"}],"collection":[{"href":"https:\/\/dgospel.com.br\/portal\/index.php\/wp-json\/wp\/v2\/posts"}],"about":[{"href":"https:\/\/dgospel.com.br\/portal\/index.php\/wp-json\/wp\/v2\/types\/post"}],"author":[{"embeddable":true,"href":"https:\/\/dgospel.com.br\/portal\/index.php\/wp-json\/wp\/v2\/users\/2"}],"replies":[{"embeddable":true,"href":"https:\/\/dgospel.com.br\/portal\/index.php\/wp-json\/wp\/v2\/comments?post=13566"}],"version-history":[{"count":1,"href":"https:\/\/dgospel.com.br\/portal\/index.php\/wp-json\/wp\/v2\/posts\/13566\/revisions"}],"predecessor-version":[{"id":13568,"href":"https:\/\/dgospel.com.br\/portal\/index.php\/wp-json\/wp\/v2\/posts\/13566\/revisions\/13568"}],"wp:featuredmedia":[{"embeddable":true,"href":"https:\/\/dgospel.com.br\/portal\/index.php\/wp-json\/wp\/v2\/media\/13567"}],"wp:attachment":[{"href":"https:\/\/dgospel.com.br\/portal\/index.php\/wp-json\/wp\/v2\/media?parent=13566"}],"wp:term":[{"taxonomy":"category","embeddable":true,"href":"https:\/\/dgospel.com.br\/portal\/index.php\/wp-json\/wp\/v2\/categories?post=13566"},{"taxonomy":"post_tag","embeddable":true,"href":"https:\/\/dgospel.com.br\/portal\/index.php\/wp-json\/wp\/v2\/tags?post=13566"}],"curies":[{"name":"wp","href":"https:\/\/api.w.org\/{rel}","templated":true}]}}