{"id":13572,"date":"2022-11-23T16:02:54","date_gmt":"2022-11-23T19:02:54","guid":{"rendered":"http:\/\/dgospel.com.br\/portal\/?p=13572"},"modified":"2022-11-23T16:02:55","modified_gmt":"2022-11-23T19:02:55","slug":"governo-do-tocantins-e-embrapa-iniciam-atividades-preparativas-para-exposicao-na-agrotins-2023","status":"publish","type":"post","link":"https:\/\/dgospel.com.br\/portal\/index.php\/2022\/11\/23\/governo-do-tocantins-e-embrapa-iniciam-atividades-preparativas-para-exposicao-na-agrotins-2023\/","title":{"rendered":"Governo do Tocantins e Embrapa iniciam atividades preparativas para exposi\u00e7\u00e3o na Agrotins 2023"},"content":{"rendered":"\n<p>O Governo do Tocantins, por meio da Secretaria de Estado da Agricultura, Pecu\u00e1ria e Aquicultura (Seagro), e a Empresa Brasileira de Pesquisa Agropecu\u00e1ria (Embrapa) iniciaram nesta quarta-feira, 23, as atividades preparativas para a realiza\u00e7\u00e3o da Feira de Tecnologia Agropecu\u00e1ria do Tocantins (Agrotins 2023). A feira \u00e9 realizada todos os anos, no m\u00eas de maio, no Centro Agrotecnol\u00f3gico de Palmas.<\/p>\n\n\n\n<p>A chefe-geral da Embrapa Pesca e Aquicultura de Palmas, Danielle de Bem Luiz, explica que a Embrapa&nbsp;\u00e9 sempre parceira na Agrotins e a expectativa \u00e9 que, para a pr\u00f3xima edi\u00e7\u00e3o, as tratativas sigam ainda mais estruturadas, com novas articula\u00e7\u00f5es e em parcerias. \u201cEstamos iniciando os preparativos do local para levarmos as inova\u00e7\u00f5es tecnol\u00f3gicas para apresenta\u00e7\u00e3o do nosso p\u00fablico-alvo, que s\u00e3o os produtores rurais. Uma das atra\u00e7\u00f5es na feira ser\u00e1 a comemora\u00e7\u00e3o dos 50 anos de institui\u00e7\u00e3o da Embrapa no Brasil\u201d, ressalta.<\/p>\n\n\n\n<p>Para o diretor de Agrotecnologia, Tecnologias Sociais e Biodiversidade da&nbsp;Seagro,&nbsp;Fernando Garcia, a Secretaria da Agricultura j\u00e1 est\u00e1 iniciando as atividades preparativas, mantendo contato com as empresas e as institui\u00e7\u00f5es para exposi\u00e7\u00e3o na feira. \u201cN\u00f3s j\u00e1 estamos programando a estrutura para que a Embrapa leve suas tecnologias aos produtores e \u00e9 uma parceria forte desde a primeira exposi\u00e7\u00e3o em 2001\u201d, destaca.<\/p>\n","protected":false},"excerpt":{"rendered":"<p>O Governo do Tocantins, por meio da Secretaria de Estado da Agricultura, Pecu\u00e1ria e Aquicultura (Seagro), e a Empresa Brasileira de Pesquisa Agropecu\u00e1ria (Embrapa) iniciaram nesta quarta-feira, 23, as atividades preparativas para a realiza\u00e7\u00e3o da Feira de Tecnologia Agropecu\u00e1ria do Tocantins (Agrotins 2023). A feira \u00e9 realizada todos os anos, no m\u00eas de maio, no [&hellip;]<\/p>\n","protected":false},"author":2,"featured_media":13573,"comment_status":"open","ping_status":"open","sticky":false,"template":"","format":"standard","meta":[],"categories":[3],"tags":[13],"_links":{"self":[{"href":"https:\/\/dgospel.com.br\/portal\/index.php\/wp-json\/wp\/v2\/posts\/13572"}],"collection":[{"href":"https:\/\/dgospel.com.br\/portal\/index.php\/wp-json\/wp\/v2\/posts"}],"about":[{"href":"https:\/\/dgospel.com.br\/portal\/index.php\/wp-json\/wp\/v2\/types\/post"}],"author":[{"embeddable":true,"href":"https:\/\/dgospel.com.br\/portal\/index.php\/wp-json\/wp\/v2\/users\/2"}],"replies":[{"embeddable":true,"href":"https:\/\/dgospel.com.br\/portal\/index.php\/wp-json\/wp\/v2\/comments?post=13572"}],"version-history":[{"count":1,"href":"https:\/\/dgospel.com.br\/portal\/index.php\/wp-json\/wp\/v2\/posts\/13572\/revisions"}],"predecessor-version":[{"id":13574,"href":"https:\/\/dgospel.com.br\/portal\/index.php\/wp-json\/wp\/v2\/posts\/13572\/revisions\/13574"}],"wp:featuredmedia":[{"embeddable":true,"href":"https:\/\/dgospel.com.br\/portal\/index.php\/wp-json\/wp\/v2\/media\/13573"}],"wp:attachment":[{"href":"https:\/\/dgospel.com.br\/portal\/index.php\/wp-json\/wp\/v2\/media?parent=13572"}],"wp:term":[{"taxonomy":"category","embeddable":true,"href":"https:\/\/dgospel.com.br\/portal\/index.php\/wp-json\/wp\/v2\/categories?post=13572"},{"taxonomy":"post_tag","embeddable":true,"href":"https:\/\/dgospel.com.br\/portal\/index.php\/wp-json\/wp\/v2\/tags?post=13572"}],"curies":[{"name":"wp","href":"https:\/\/api.w.org\/{rel}","templated":true}]}}