{"id":13584,"date":"2022-11-24T10:33:11","date_gmt":"2022-11-24T13:33:11","guid":{"rendered":"http:\/\/dgospel.com.br\/portal\/?p=13584"},"modified":"2022-11-24T10:33:12","modified_gmt":"2022-11-24T13:33:12","slug":"moraes-sequer-se-debrucou-no-relatorio-para-emitir-opiniao-diz-deputado","status":"publish","type":"post","link":"https:\/\/dgospel.com.br\/portal\/index.php\/2022\/11\/24\/moraes-sequer-se-debrucou-no-relatorio-para-emitir-opiniao-diz-deputado\/","title":{"rendered":"\u2018Moraes sequer se debru\u00e7ou no relat\u00f3rio para emitir opini\u00e3o\u2019, diz deputado"},"content":{"rendered":"\n<p>O deputado federal&nbsp;<a href=\"https:\/\/twitter.com\/cabojunioamaral\" target=\"_blank\" rel=\"noreferrer noopener\"><strong>Junio Amaral<\/strong><\/a>&nbsp;(PL-MG) criticou a decis\u00e3o do ministro Alexandre de Moraes, presidente do Tribunal Superior Eleitoral (TSE). Ontem, Moraes&nbsp;<a href=\"https:\/\/revistaoeste.com\/politica\/moraes-nega-pedido-do-pl-e-condena-partido-a-pagar-multa-de-r-22-mi\/\" target=\"_blank\" rel=\"noreferrer noopener\"><strong>negou o pedido do Partido Liberal<\/strong><\/a>&nbsp;anular os votos de 279 mil urnas usadas no segundo turno das elei\u00e7\u00f5es. De acordo com a legenda, h\u00e1 \u201cinconsist\u00eancias\u201d em cinco modelos de urnas.<\/p>\n\n\n\n<p>O deputado classificou o tratamento dado por Moraes ao pedido do partido como \u201cesdr\u00faxulo\u201d. \u201cN\u00e3o estou falando nem sobre o indeferimento do pedido ou a indiferen\u00e7a com os fatos apresentados, mas o desprezo com os fatos, com as informa\u00e7\u00f5es que cont\u00eam no relat\u00f3rio\u201d, disse Amaral em entrevista ao&nbsp;<em>Jornal da Manh\u00e3<\/em>, da r\u00e1dio Jovem Pan. \u201cEle sequer se debru\u00e7ou no relat\u00f3rio para emitir a sua opini\u00e3o e para dar as suas decis\u00f5es.\u201d<\/p>\n\n\n\n<p>Na quarta-feira 23, o magistrado negou o pedido do PL e ainda determinou a condena\u00e7\u00e3o do partido ao pagamento de multa de R$ 22,9 milh\u00f5es por \u201clitig\u00e2ncia de m\u00e1-f\u00e9\u201d. Na decis\u00e3o, Moraes bloqueou e suspendeu o Fundo Partid\u00e1rio da Coliga\u00e7\u00e3o Pelo Bem do Brasil, do presidente Jair Bolsonaro (PL), at\u00e9 que a multa imposta ao PL seja paga.<\/p>\n\n\n\n<p>\u201cCoisas semelhantes s\u00f3 acontecem em pa\u00edses claramente ditadores. N\u00e3o h\u00e1 em uma democracia o que esse senhor est\u00e1 fazendo\u201d, destacou o deputado.<\/p>\n\n\n\n<p>Ele ainda defendeu que o TSE apresente \u201ctecnicamente\u201d a refuta\u00e7\u00e3o ao relat\u00f3rio de pouco mais de 200 p\u00e1ginas protocolado pelo partido na Corte.<\/p>\n\n\n\n<p>\u201cN\u00f3s estamos nos baseando no relat\u00f3rio t\u00e9cnico. A Justi\u00e7a Eleitoral que apresente sua refuta\u00e7\u00e3o t\u00e9cnica\u201d, continuou. \u201cE n\u00e3o em menos de uma hora j\u00e1 respondesse essa representa\u00e7\u00e3o com a faca no pesco\u00e7o do PL, tentando constranger o partido\u201d, concluiu Amaral.<\/p>\n","protected":false},"excerpt":{"rendered":"<p>O deputado federal&nbsp;Junio Amaral&nbsp;(PL-MG) criticou a decis\u00e3o do ministro Alexandre de Moraes, presidente do Tribunal Superior Eleitoral (TSE). Ontem, Moraes&nbsp;negou o pedido do Partido Liberal&nbsp;anular os votos de 279 mil urnas usadas no segundo turno das elei\u00e7\u00f5es. De acordo com a legenda, h\u00e1 \u201cinconsist\u00eancias\u201d em cinco modelos de urnas. O deputado classificou o tratamento dado [&hellip;]<\/p>\n","protected":false},"author":2,"featured_media":13585,"comment_status":"open","ping_status":"open","sticky":false,"template":"","format":"standard","meta":[],"categories":[4],"tags":[],"_links":{"self":[{"href":"https:\/\/dgospel.com.br\/portal\/index.php\/wp-json\/wp\/v2\/posts\/13584"}],"collection":[{"href":"https:\/\/dgospel.com.br\/portal\/index.php\/wp-json\/wp\/v2\/posts"}],"about":[{"href":"https:\/\/dgospel.com.br\/portal\/index.php\/wp-json\/wp\/v2\/types\/post"}],"author":[{"embeddable":true,"href":"https:\/\/dgospel.com.br\/portal\/index.php\/wp-json\/wp\/v2\/users\/2"}],"replies":[{"embeddable":true,"href":"https:\/\/dgospel.com.br\/portal\/index.php\/wp-json\/wp\/v2\/comments?post=13584"}],"version-history":[{"count":1,"href":"https:\/\/dgospel.com.br\/portal\/index.php\/wp-json\/wp\/v2\/posts\/13584\/revisions"}],"predecessor-version":[{"id":13586,"href":"https:\/\/dgospel.com.br\/portal\/index.php\/wp-json\/wp\/v2\/posts\/13584\/revisions\/13586"}],"wp:featuredmedia":[{"embeddable":true,"href":"https:\/\/dgospel.com.br\/portal\/index.php\/wp-json\/wp\/v2\/media\/13585"}],"wp:attachment":[{"href":"https:\/\/dgospel.com.br\/portal\/index.php\/wp-json\/wp\/v2\/media?parent=13584"}],"wp:term":[{"taxonomy":"category","embeddable":true,"href":"https:\/\/dgospel.com.br\/portal\/index.php\/wp-json\/wp\/v2\/categories?post=13584"},{"taxonomy":"post_tag","embeddable":true,"href":"https:\/\/dgospel.com.br\/portal\/index.php\/wp-json\/wp\/v2\/tags?post=13584"}],"curies":[{"name":"wp","href":"https:\/\/api.w.org\/{rel}","templated":true}]}}