{"id":13591,"date":"2022-11-24T13:13:45","date_gmt":"2022-11-24T16:13:45","guid":{"rendered":"http:\/\/dgospel.com.br\/portal\/?p=13591"},"modified":"2022-11-24T13:13:46","modified_gmt":"2022-11-24T16:13:46","slug":"deputado-marcel-van-hattem-obtem-181-assinaturas-para-cpi-do-xandao","status":"publish","type":"post","link":"https:\/\/dgospel.com.br\/portal\/index.php\/2022\/11\/24\/deputado-marcel-van-hattem-obtem-181-assinaturas-para-cpi-do-xandao\/","title":{"rendered":"Deputado Marcel van Hattem obt\u00e9m 181 assinaturas para &#8216;CPI do Xand\u00e3o&#8217;"},"content":{"rendered":"\n<p><strong>O deputado Marcel van Hattem (Novo-RS) vai protocolar em instantes a CPI do Abuso de Autoridade, apelidada nos bastidores da C\u00e2mara como \u2018CPI do Xand\u00e3o\u2019. Ele conseguiu 181 assinaturas, dez a mais que o m\u00ednimo necess\u00e1rio.<\/strong><\/p>\n\n\n\n<p>No requerimento,&nbsp;<strong><u>obtido por O Antagonista,<\/u><\/strong> o parlamentar defende a apura\u00e7\u00e3o de&nbsp;<em>\u201cviola\u00e7\u00f5es de direitos e garantias fundamentais, pr\u00e1tica de condutas arbitr\u00e1ria sem a&nbsp;observ\u00e2ncia do devido processo legal,&nbsp;inclusive a ado\u00e7\u00e3o de censura e atos de&nbsp;abuso de autoridade, por membros do&nbsp;Tribunal Superior Eleitoral e do Supremo&nbsp;Tribunal Federal\u201d<\/em>.<\/p>\n\n\n\n<p>S\u00e3o apontados como fatos determinados para a investiga\u00e7\u00e3o parlamentar&nbsp;<strong>o caso de busca e apreens\u00e3o contra empres\u00e1rios, bloqueio das contas banc\u00e1rias de 43 pessoas f\u00edsicas e jur\u00eddicas suspeitas de financiarem bloqueios rodovi\u00e1rios e a censura a parlamentares, ao economista Marcos Cintra, \u00e0 produtora Brasil Paralelo, ao jornal Gazeta do Povo e \u00e0 Jovem Pan.<\/strong><\/p>\n\n\n\n<p><em>\u201c\u00c9&nbsp;papel deste parlamento investigar qualquer tipo de abuso que possa ter sido cometido por quaisquer tipos de autoridades porque entendemos que ningu\u00e9m, absolutamente ningu\u00e9m, pode estar acima da lei\u201d<\/em>, disse Van Hattem, em suas redes sociais.<\/p>\n\n\n\n<p>Segundo ele, a atua\u00e7\u00e3o de Alexandre de Moraes e outros ministros do STF e do TSE n\u00e3o contribuem para a democracia.<\/p>\n\n\n\n<p>Fonte: oantagonista<\/p>\n","protected":false},"excerpt":{"rendered":"<p>O deputado Marcel van Hattem (Novo-RS) vai protocolar em instantes a CPI do Abuso de Autoridade, apelidada nos bastidores da C\u00e2mara como \u2018CPI do Xand\u00e3o\u2019. Ele conseguiu 181 assinaturas, dez a mais que o m\u00ednimo necess\u00e1rio. No requerimento,&nbsp;obtido por O Antagonista, o parlamentar defende a apura\u00e7\u00e3o de&nbsp;\u201cviola\u00e7\u00f5es de direitos e garantias fundamentais, pr\u00e1tica de condutas [&hellip;]<\/p>\n","protected":false},"author":2,"featured_media":13592,"comment_status":"open","ping_status":"open","sticky":false,"template":"","format":"standard","meta":[],"categories":[4],"tags":[],"_links":{"self":[{"href":"https:\/\/dgospel.com.br\/portal\/index.php\/wp-json\/wp\/v2\/posts\/13591"}],"collection":[{"href":"https:\/\/dgospel.com.br\/portal\/index.php\/wp-json\/wp\/v2\/posts"}],"about":[{"href":"https:\/\/dgospel.com.br\/portal\/index.php\/wp-json\/wp\/v2\/types\/post"}],"author":[{"embeddable":true,"href":"https:\/\/dgospel.com.br\/portal\/index.php\/wp-json\/wp\/v2\/users\/2"}],"replies":[{"embeddable":true,"href":"https:\/\/dgospel.com.br\/portal\/index.php\/wp-json\/wp\/v2\/comments?post=13591"}],"version-history":[{"count":1,"href":"https:\/\/dgospel.com.br\/portal\/index.php\/wp-json\/wp\/v2\/posts\/13591\/revisions"}],"predecessor-version":[{"id":13593,"href":"https:\/\/dgospel.com.br\/portal\/index.php\/wp-json\/wp\/v2\/posts\/13591\/revisions\/13593"}],"wp:featuredmedia":[{"embeddable":true,"href":"https:\/\/dgospel.com.br\/portal\/index.php\/wp-json\/wp\/v2\/media\/13592"}],"wp:attachment":[{"href":"https:\/\/dgospel.com.br\/portal\/index.php\/wp-json\/wp\/v2\/media?parent=13591"}],"wp:term":[{"taxonomy":"category","embeddable":true,"href":"https:\/\/dgospel.com.br\/portal\/index.php\/wp-json\/wp\/v2\/categories?post=13591"},{"taxonomy":"post_tag","embeddable":true,"href":"https:\/\/dgospel.com.br\/portal\/index.php\/wp-json\/wp\/v2\/tags?post=13591"}],"curies":[{"name":"wp","href":"https:\/\/api.w.org\/{rel}","templated":true}]}}