{"id":13594,"date":"2022-11-25T12:53:39","date_gmt":"2022-11-25T15:53:39","guid":{"rendered":"http:\/\/dgospel.com.br\/portal\/?p=13594"},"modified":"2022-11-25T12:53:40","modified_gmt":"2022-11-25T15:53:40","slug":"lula-ameaca-responsabilizar-igrejas-por-mortes-de-covid-caso-nao-cooperem-com-vacinacao","status":"publish","type":"post","link":"https:\/\/dgospel.com.br\/portal\/index.php\/2022\/11\/25\/lula-ameaca-responsabilizar-igrejas-por-mortes-de-covid-caso-nao-cooperem-com-vacinacao\/","title":{"rendered":"Lula\u00a0amea\u00e7a responsabilizar igrejas por mortes de Covid caso n\u00e3o cooperem com vacina\u00e7\u00e3o"},"content":{"rendered":"\n<p>O ex-presidente Luiz In\u00e1cio Lula da Silva\u00a0(PT) afirmou que vai cobrar das igrejas evang\u00e9licas o apoio delas a campanhas de vacina\u00e7\u00e3o e que pode vir a responsabilizar as institui\u00e7\u00f5es religiosas por mortes, caso n\u00e3o cooperem. As declara\u00e7\u00f5es foram dadas por ele durante uma reuni\u00e3o com representantes da \u00e1rea da sa\u00fade nesta quinta-feira (24).<\/p>\n\n\n\n<p>\u2013 Eu pretendo procurar v\u00e1rias igrejas evang\u00e9licas e discutir com o chefe delas: \u201cOlha, qual \u00e9 o comportamento de voc\u00eas nessa quest\u00e3o das vacinas?\u201d. (\u2026) Ou vamos responsabilizar voc\u00eas pela morte das pessoas \u2013 declarou.<\/p>\n\n\n\n<p>Durante o encontro, Lula disse que os primeiros 100 dias de seu governo ter\u00e3o como foco a recupera\u00e7\u00e3o do Programa Nacional de Imuniza\u00e7\u00f5es (PNI), o aumento da cobertura vacinal e a restaura\u00e7\u00e3o da confian\u00e7a da popula\u00e7\u00e3o nos imunizantes.<\/p>\n\n\n\n<p>\u2013 O governo federal n\u00e3o pode somente reclamar da falta de recursos para a sa\u00fade, nosso trabalho ser\u00e1 encontrar esses recursos e investir no SUS, em especial no resgate do Programa Nacional de Imuniza\u00e7\u00e3o para retomar a confian\u00e7a da popula\u00e7\u00e3o nas vacinas \u2013 disse Lula.<\/p>\n\n\n\n<p>Lula tamb\u00e9m disse aos participantes da reuni\u00e3o que come\u00e7ar\u00e1 a escolher nos pr\u00f3ximos dias os ministros do futuro governo e declarou que ser\u00e1 preciso enfrentar a \u201cburocracia da m\u00e1quina p\u00fablica\u201d. Entre os participantes do encontro estiveram cinco ex-ministros da Sa\u00fade: Humberto Costa (PT), Arthur Chioro, Alexandre Padilha (PT), Jos\u00e9 Gomes Tempor\u00e3o e Jos\u00e9 Agenor.<\/p>\n","protected":false},"excerpt":{"rendered":"<p>O ex-presidente Luiz In\u00e1cio Lula da Silva\u00a0(PT) afirmou que vai cobrar das igrejas evang\u00e9licas o apoio delas a campanhas de vacina\u00e7\u00e3o e que pode vir a responsabilizar as institui\u00e7\u00f5es religiosas por mortes, caso n\u00e3o cooperem. As declara\u00e7\u00f5es foram dadas por ele durante uma reuni\u00e3o com representantes da \u00e1rea da sa\u00fade nesta quinta-feira (24). \u2013 Eu [&hellip;]<\/p>\n","protected":false},"author":2,"featured_media":13595,"comment_status":"open","ping_status":"open","sticky":false,"template":"","format":"standard","meta":[],"categories":[4],"tags":[],"_links":{"self":[{"href":"https:\/\/dgospel.com.br\/portal\/index.php\/wp-json\/wp\/v2\/posts\/13594"}],"collection":[{"href":"https:\/\/dgospel.com.br\/portal\/index.php\/wp-json\/wp\/v2\/posts"}],"about":[{"href":"https:\/\/dgospel.com.br\/portal\/index.php\/wp-json\/wp\/v2\/types\/post"}],"author":[{"embeddable":true,"href":"https:\/\/dgospel.com.br\/portal\/index.php\/wp-json\/wp\/v2\/users\/2"}],"replies":[{"embeddable":true,"href":"https:\/\/dgospel.com.br\/portal\/index.php\/wp-json\/wp\/v2\/comments?post=13594"}],"version-history":[{"count":1,"href":"https:\/\/dgospel.com.br\/portal\/index.php\/wp-json\/wp\/v2\/posts\/13594\/revisions"}],"predecessor-version":[{"id":13596,"href":"https:\/\/dgospel.com.br\/portal\/index.php\/wp-json\/wp\/v2\/posts\/13594\/revisions\/13596"}],"wp:featuredmedia":[{"embeddable":true,"href":"https:\/\/dgospel.com.br\/portal\/index.php\/wp-json\/wp\/v2\/media\/13595"}],"wp:attachment":[{"href":"https:\/\/dgospel.com.br\/portal\/index.php\/wp-json\/wp\/v2\/media?parent=13594"}],"wp:term":[{"taxonomy":"category","embeddable":true,"href":"https:\/\/dgospel.com.br\/portal\/index.php\/wp-json\/wp\/v2\/categories?post=13594"},{"taxonomy":"post_tag","embeddable":true,"href":"https:\/\/dgospel.com.br\/portal\/index.php\/wp-json\/wp\/v2\/tags?post=13594"}],"curies":[{"name":"wp","href":"https:\/\/api.w.org\/{rel}","templated":true}]}}