{"id":13597,"date":"2022-11-25T13:03:10","date_gmt":"2022-11-25T16:03:10","guid":{"rendered":"http:\/\/dgospel.com.br\/portal\/?p=13597"},"modified":"2022-11-25T13:03:12","modified_gmt":"2022-11-25T16:03:12","slug":"hipocrisia-equipe-de-transicao-de-lula-usa-mascara-em-reuniao-com-ministro-mas-nao-em-jogo-da-copa","status":"publish","type":"post","link":"https:\/\/dgospel.com.br\/portal\/index.php\/2022\/11\/25\/hipocrisia-equipe-de-transicao-de-lula-usa-mascara-em-reuniao-com-ministro-mas-nao-em-jogo-da-copa\/","title":{"rendered":"Hipocrisia: Equipe de transi\u00e7\u00e3o de Lula usa m\u00e1scara em reuni\u00e3o com ministro, mas n\u00e3o em jogo da Copa"},"content":{"rendered":"\n<p>Em 23 de novembro, em uma reuni\u00e3o com o ministro da Sa\u00fade, Marcelo Queiroga, e assessores da pasta, os membros da equipe de transi\u00e7\u00e3o do presidente eleito Luiz In\u00e1cio Lula da Silva (PT) usaram m\u00e1scara para prote\u00e7\u00e3o contra a covid. Ningu\u00e9m da equipe do&nbsp;<strong><a href=\"https:\/\/www.gov.br\/saude\/pt-br\" target=\"_blank\" rel=\"noreferrer noopener\">Minist\u00e9rio da Sa\u00fade<\/a><\/strong>&nbsp;usou o objeto. N\u00e3o h\u00e1 obrigatoriedade do uso de m\u00e1scaras no Brasil, salvo em aeroportos, segundo a Ag\u00eancia Nacional de Vigil\u00e2ncia Sanit\u00e1ria (Anvisa).<\/p>\n\n\n\n<p>Para mostrar a diferen\u00e7a, o deputado federal Alexandre Padilha (PT), ex-ministro da Sa\u00fade no governo de Dilma Rousseff, que integra o grupo de transi\u00e7\u00e3o para o governo Lula, postou um v\u00eddeo em seu perfil no Twitter.<\/p>\n\n\n\n<p><\/p>\n\n\n\n<figure class=\"wp-block-image size-full\"><img loading=\"lazy\" width=\"549\" height=\"499\" src=\"http:\/\/dgospel.com.br\/portal\/wp-content\/uploads\/2022\/11\/0000-2.jpg\" alt=\"\" class=\"wp-image-13598\" srcset=\"https:\/\/dgospel.com.br\/portal\/wp-content\/uploads\/2022\/11\/0000-2.jpg 549w, https:\/\/dgospel.com.br\/portal\/wp-content\/uploads\/2022\/11\/0000-2-300x273.jpg 300w\" sizes=\"(max-width: 549px) 100vw, 549px\" \/><\/figure>\n\n\n\n<p>Entretanto, na quinta-feira 24, durante a estreia do Brasil na Copa do Mundo, os membros da equipe de transi\u00e7\u00e3o n\u00e3o tiveram a mesma preocupa\u00e7\u00e3o ao se aglomerarem no teatro do Centro Cultural Banco do Brasil, em Bras\u00edlia, onde um tel\u00e3o transmitiu o jogo. Os profissionais da imprensa foram convidados a assistir, com direito a distribui\u00e7\u00e3o de pipoca e refrigerante, segundo a Ag\u00eancia Brasil. Ningu\u00e9m usou m\u00e1scara.<\/p>\n\n\n\n<p>No Instagram, a deputada federal Gleisi Hoffmann (PT-PR) publicou um v\u00eddeo em que os petistas, vestidos com a camiseta da sele\u00e7\u00e3o brasileira e sem m\u00e1scara, comemoram os gols do Brasil sobre a S\u00e9rvia.<\/p>\n\n\n\n<figure class=\"wp-block-embed is-type-video is-provider-youtube wp-block-embed-youtube wp-embed-aspect-16-9 wp-has-aspect-ratio\"><div class=\"wp-block-embed__wrapper\">\n<iframe loading=\"lazy\" title=\"Equipe de transi\u00e7\u00e3o comemora gol do Brasil e substitui\u00e7\u00e3o de Neymar\" width=\"630\" height=\"354\" src=\"https:\/\/www.youtube.com\/embed\/4OQDpg-lJGs?feature=oembed\" frameborder=\"0\" allow=\"accelerometer; autoplay; clipboard-write; encrypted-media; gyroscope; picture-in-picture\" allowfullscreen><\/iframe>\n<\/div><\/figure>\n","protected":false},"excerpt":{"rendered":"<p>Em 23 de novembro, em uma reuni\u00e3o com o ministro da Sa\u00fade, Marcelo Queiroga, e assessores da pasta, os membros da equipe de transi\u00e7\u00e3o do presidente eleito Luiz In\u00e1cio Lula da Silva (PT) usaram m\u00e1scara para prote\u00e7\u00e3o contra a covid. Ningu\u00e9m da equipe do&nbsp;Minist\u00e9rio da Sa\u00fade&nbsp;usou o objeto. N\u00e3o h\u00e1 obrigatoriedade do uso de m\u00e1scaras [&hellip;]<\/p>\n","protected":false},"author":2,"featured_media":13599,"comment_status":"open","ping_status":"open","sticky":false,"template":"","format":"standard","meta":[],"categories":[4],"tags":[],"_links":{"self":[{"href":"https:\/\/dgospel.com.br\/portal\/index.php\/wp-json\/wp\/v2\/posts\/13597"}],"collection":[{"href":"https:\/\/dgospel.com.br\/portal\/index.php\/wp-json\/wp\/v2\/posts"}],"about":[{"href":"https:\/\/dgospel.com.br\/portal\/index.php\/wp-json\/wp\/v2\/types\/post"}],"author":[{"embeddable":true,"href":"https:\/\/dgospel.com.br\/portal\/index.php\/wp-json\/wp\/v2\/users\/2"}],"replies":[{"embeddable":true,"href":"https:\/\/dgospel.com.br\/portal\/index.php\/wp-json\/wp\/v2\/comments?post=13597"}],"version-history":[{"count":1,"href":"https:\/\/dgospel.com.br\/portal\/index.php\/wp-json\/wp\/v2\/posts\/13597\/revisions"}],"predecessor-version":[{"id":13600,"href":"https:\/\/dgospel.com.br\/portal\/index.php\/wp-json\/wp\/v2\/posts\/13597\/revisions\/13600"}],"wp:featuredmedia":[{"embeddable":true,"href":"https:\/\/dgospel.com.br\/portal\/index.php\/wp-json\/wp\/v2\/media\/13599"}],"wp:attachment":[{"href":"https:\/\/dgospel.com.br\/portal\/index.php\/wp-json\/wp\/v2\/media?parent=13597"}],"wp:term":[{"taxonomy":"category","embeddable":true,"href":"https:\/\/dgospel.com.br\/portal\/index.php\/wp-json\/wp\/v2\/categories?post=13597"},{"taxonomy":"post_tag","embeddable":true,"href":"https:\/\/dgospel.com.br\/portal\/index.php\/wp-json\/wp\/v2\/tags?post=13597"}],"curies":[{"name":"wp","href":"https:\/\/api.w.org\/{rel}","templated":true}]}}