{"id":1360,"date":"2018-09-18T11:27:24","date_gmt":"2018-09-18T14:27:24","guid":{"rendered":"http:\/\/dgospel.com.br\/portal\/?p=1360"},"modified":"2018-09-18T11:27:24","modified_gmt":"2018-09-18T14:27:24","slug":"evangelicos-e-catolicos-se-unem-em-manifestacao-contra-o-aborto-em-curitiba","status":"publish","type":"post","link":"https:\/\/dgospel.com.br\/portal\/index.php\/2018\/09\/18\/evangelicos-e-catolicos-se-unem-em-manifestacao-contra-o-aborto-em-curitiba\/","title":{"rendered":"Evang\u00e9licos e cat\u00f3licos se unem em manifesta\u00e7\u00e3o contra o aborto em Curitiba"},"content":{"rendered":"<p>Mesmo sob forte chuva, uma manifesta\u00e7\u00e3o contra a legaliza\u00e7\u00e3o do aborto uniu evang\u00e9licos e cat\u00f3licos na tarde de s\u00e1bado (15) em Curitiba, em frente \u00e0 sede do governo do Paran\u00e1.<\/p>\n<p>A<em>\u00a0\u201cManifesta\u00e7\u00e3o pela Vida\u201d\u00a0<\/em>foi idealizada pela lideran\u00e7a das Igrejas Cat\u00f3licas e Evang\u00e9licas de Curitiba para mandar uma mensagem aos ministros do\u00a0<em>Supremo Tribunal Federal (STF)<\/em>, que discutem a descriminaliza\u00e7\u00e3o do aborto at\u00e9 a 12\u00aa semana.<\/p>\n<p>\u201cOnze pessoas n\u00e3o eleitas pelo povo n\u00e3o podem decidir pela vida ou morte das crian\u00e7as em gesta\u00e7\u00e3o, sem passar o projeto de lei pelo poder legislativo\u201d, disse na ocasi\u00e3o o bispo Robson Rodovalho, presidente da\u00a0<em>Comunidade Evang\u00e9lica Sara Nossa Terra.<\/em><\/p>\n<p>Segurando cartazes e faixas, os manifestantes lembraram que a maior parte da popula\u00e7\u00e3o brasileira \u00e9 contra o aborto e defende a vida desde a concep\u00e7\u00e3o.<\/p>\n<p>O evento contou com momentos de m\u00fasica e discurso de lideran\u00e7as religiosas. O testemunho de uma jovem m\u00e3e que desistiu de um aborto e estava ali presente com o filho emocionou o p\u00fablico presente.<\/p>\n<p>A manifesta\u00e7\u00e3o acontece pouco mais de um m\u00eas depois de um projeto de lei pr\u00f3-aborto ter sido derrubado no Senado da Argentina ap\u00f3s press\u00e3o popular. O sucesso do movimento pr\u00f3-vida argentino tem inspirado manifesta\u00e7\u00f5es em outros pa\u00edses da Am\u00e9rica do Sul.<\/p>\n<p>Segundo o bispo Cirino Ferro, do\u00a0<em>Conselho de Ministros Evang\u00e9licos do Paran\u00e1<\/em>, Curitiba \u00e9 uma das primeiras cidades a realizar uma manifesta\u00e7\u00e3o como esta. A ideia \u00e9 que o movimento seja replicado em outras capitais.<\/p>\n<p>Pouco antes do fim da manifesta\u00e7\u00e3o, o Arcebispo da Igreja Cat\u00f3lica de Curitiba, Dom Jos\u00e9 Ant\u00f4nio Peruzzo, levou o microfone ao aparelho que ampliou o som do \u00fatero de uma mulher gr\u00e1vida, fazendo-se ouvir o som do cora\u00e7\u00e3o do embri\u00e3o.<\/p>\n<p><strong>Aborto no Brasil<\/strong><\/p>\n<p>No Brasil, o aborto \u00e9 permitido somente nos casos de anencefalia do feto, gravidez resultante de estupro e quando a gesta\u00e7\u00e3o representa um risco para a vida da mulher, nos termos do C\u00f3digo Penal.<\/p>\n<p>Nos dias 3 e 6 de agosto, o STF promoveu uma audi\u00eancia p\u00fablica para discutir a descriminaliza\u00e7\u00e3o do aborto at\u00e9 a 12\u00aa semana. A relatora da a\u00e7\u00e3o, ministra Rosa Weber, disse que a decis\u00e3o passa por um per\u00edodo de amadurecimento e n\u00e3o deu prazos para o julgamento.<\/p>\n<p>A\u00a0<em>APDF (Argui\u00e7\u00e3o de Descumprimento de Preceito Fundamental)<\/em>\u00a0de descriminaliza\u00e7\u00e3o do aborto foi apresentada no dia 8 de mar\u00e7o de 2017 pelo PSOL em conjunto com o Instituto Anis.<\/p>\n<p><strong>Fonte: Guiame\/ Com informa\u00e7\u00f5es da Gazeta do Povo<\/strong><\/p>\n","protected":false},"excerpt":{"rendered":"<p>Mesmo sob forte chuva, uma manifesta\u00e7\u00e3o contra a legaliza\u00e7\u00e3o do aborto uniu evang\u00e9licos e cat\u00f3licos na tarde de s\u00e1bado (15) em Curitiba, em frente \u00e0 sede do governo do Paran\u00e1. A\u00a0\u201cManifesta\u00e7\u00e3o pela Vida\u201d\u00a0foi idealizada pela lideran\u00e7a das Igrejas Cat\u00f3licas e Evang\u00e9licas de Curitiba para mandar uma mensagem aos ministros do\u00a0Supremo Tribunal Federal (STF), que discutem [&hellip;]<\/p>\n","protected":false},"author":2,"featured_media":1361,"comment_status":"open","ping_status":"open","sticky":false,"template":"","format":"standard","meta":[],"categories":[2,6],"tags":[],"_links":{"self":[{"href":"https:\/\/dgospel.com.br\/portal\/index.php\/wp-json\/wp\/v2\/posts\/1360"}],"collection":[{"href":"https:\/\/dgospel.com.br\/portal\/index.php\/wp-json\/wp\/v2\/posts"}],"about":[{"href":"https:\/\/dgospel.com.br\/portal\/index.php\/wp-json\/wp\/v2\/types\/post"}],"author":[{"embeddable":true,"href":"https:\/\/dgospel.com.br\/portal\/index.php\/wp-json\/wp\/v2\/users\/2"}],"replies":[{"embeddable":true,"href":"https:\/\/dgospel.com.br\/portal\/index.php\/wp-json\/wp\/v2\/comments?post=1360"}],"version-history":[{"count":1,"href":"https:\/\/dgospel.com.br\/portal\/index.php\/wp-json\/wp\/v2\/posts\/1360\/revisions"}],"predecessor-version":[{"id":1362,"href":"https:\/\/dgospel.com.br\/portal\/index.php\/wp-json\/wp\/v2\/posts\/1360\/revisions\/1362"}],"wp:featuredmedia":[{"embeddable":true,"href":"https:\/\/dgospel.com.br\/portal\/index.php\/wp-json\/wp\/v2\/media\/1361"}],"wp:attachment":[{"href":"https:\/\/dgospel.com.br\/portal\/index.php\/wp-json\/wp\/v2\/media?parent=1360"}],"wp:term":[{"taxonomy":"category","embeddable":true,"href":"https:\/\/dgospel.com.br\/portal\/index.php\/wp-json\/wp\/v2\/categories?post=1360"},{"taxonomy":"post_tag","embeddable":true,"href":"https:\/\/dgospel.com.br\/portal\/index.php\/wp-json\/wp\/v2\/tags?post=1360"}],"curies":[{"name":"wp","href":"https:\/\/api.w.org\/{rel}","templated":true}]}}