{"id":13601,"date":"2022-11-25T15:17:46","date_gmt":"2022-11-25T18:17:46","guid":{"rendered":"http:\/\/dgospel.com.br\/portal\/?p=13601"},"modified":"2022-11-25T15:17:47","modified_gmt":"2022-11-25T18:17:47","slug":"generais-dao-aval-a-bolsonaro-chefe-supremo-das-forcas-armadas","status":"publish","type":"post","link":"https:\/\/dgospel.com.br\/portal\/index.php\/2022\/11\/25\/generais-dao-aval-a-bolsonaro-chefe-supremo-das-forcas-armadas\/","title":{"rendered":"Generais d\u00e3o aval a Bolsonaro: \u201cChefe Supremo das For\u00e7as Armadas\u201d"},"content":{"rendered":"\n<p>Ap\u00f3s reuni\u00e3o com chefes da Marinha, Ex\u00e9rcito, Aeron\u00e1utica, os comandantes deram o aval a Bolsonaro para que ele possa exercer de forma plena sua fun\u00e7\u00e3o de chefe supremo das For\u00e7as Armadas. Ontem (24), o general do Ex\u00e9rcito, Roberto C\u00e2mara Senna, fez duras cr\u00edticas direcionadas ao ministro Alexandre de Moraes, segundo publica\u00e7\u00e3o do site Metr\u00f3poles.<\/p>\n\n\n\n<p><a href=\"https:\/\/www.assembleia.pr.leg.br\/\" target=\"_blank\" rel=\"noreferrer noopener\"><\/a><\/p>\n\n\n\n<p>O general afirmou que Brasil \u201cvive um grave impasse pol\u00edtico, em especial com a confirma\u00e7\u00e3o de um processo eleitoral ilegal e fraudulento, imposto pelo STF e o TSE\u201d.<\/p>\n\n\n\n<p>Interlocutores das For\u00e7as Armadas afirmaram ao Hora Bras\u00edlia que a fala do General Senna foi um sinal p\u00fablico dos bastidores da caserna reafirmando o compromisso das FFAAs com o presidente da Rep\u00fablica. Agora s\u00f3 depende da caneta do Presidente da Rep\u00fablica.<\/p>\n\n\n\n<p>Na ter\u00e7a-feira (22), o presidente Jair Bolsonaro assinou a mudan\u00e7a em 16 cargos do Ex\u00e9rcito por meio de um decreto publicado no\u00a0<a href=\"https:\/\/www.in.gov.br\/en\/web\/dou\/-\/decretos-de-22-de-novembro-de-2022-445358909\">Di\u00e1rio Oficial da Uni\u00e3o (DOU)<\/a>.<\/p>\n\n\n\n<p>Fonte: horabrasilia<\/p>\n","protected":false},"excerpt":{"rendered":"<p>Ap\u00f3s reuni\u00e3o com chefes da Marinha, Ex\u00e9rcito, Aeron\u00e1utica, os comandantes deram o aval a Bolsonaro para que ele possa exercer de forma plena sua fun\u00e7\u00e3o de chefe supremo das For\u00e7as Armadas. Ontem (24), o general do Ex\u00e9rcito, Roberto C\u00e2mara Senna, fez duras cr\u00edticas direcionadas ao ministro Alexandre de Moraes, segundo publica\u00e7\u00e3o do site Metr\u00f3poles. O [&hellip;]<\/p>\n","protected":false},"author":2,"featured_media":13602,"comment_status":"open","ping_status":"open","sticky":false,"template":"","format":"standard","meta":[],"categories":[10],"tags":[13],"_links":{"self":[{"href":"https:\/\/dgospel.com.br\/portal\/index.php\/wp-json\/wp\/v2\/posts\/13601"}],"collection":[{"href":"https:\/\/dgospel.com.br\/portal\/index.php\/wp-json\/wp\/v2\/posts"}],"about":[{"href":"https:\/\/dgospel.com.br\/portal\/index.php\/wp-json\/wp\/v2\/types\/post"}],"author":[{"embeddable":true,"href":"https:\/\/dgospel.com.br\/portal\/index.php\/wp-json\/wp\/v2\/users\/2"}],"replies":[{"embeddable":true,"href":"https:\/\/dgospel.com.br\/portal\/index.php\/wp-json\/wp\/v2\/comments?post=13601"}],"version-history":[{"count":1,"href":"https:\/\/dgospel.com.br\/portal\/index.php\/wp-json\/wp\/v2\/posts\/13601\/revisions"}],"predecessor-version":[{"id":13603,"href":"https:\/\/dgospel.com.br\/portal\/index.php\/wp-json\/wp\/v2\/posts\/13601\/revisions\/13603"}],"wp:featuredmedia":[{"embeddable":true,"href":"https:\/\/dgospel.com.br\/portal\/index.php\/wp-json\/wp\/v2\/media\/13602"}],"wp:attachment":[{"href":"https:\/\/dgospel.com.br\/portal\/index.php\/wp-json\/wp\/v2\/media?parent=13601"}],"wp:term":[{"taxonomy":"category","embeddable":true,"href":"https:\/\/dgospel.com.br\/portal\/index.php\/wp-json\/wp\/v2\/categories?post=13601"},{"taxonomy":"post_tag","embeddable":true,"href":"https:\/\/dgospel.com.br\/portal\/index.php\/wp-json\/wp\/v2\/tags?post=13601"}],"curies":[{"name":"wp","href":"https:\/\/api.w.org\/{rel}","templated":true}]}}