{"id":13604,"date":"2022-11-25T15:37:04","date_gmt":"2022-11-25T18:37:04","guid":{"rendered":"http:\/\/dgospel.com.br\/portal\/?p=13604"},"modified":"2022-11-25T15:37:05","modified_gmt":"2022-11-25T18:37:05","slug":"pl-seguiu-a-lei-eleitoral-afirma-partido","status":"publish","type":"post","link":"https:\/\/dgospel.com.br\/portal\/index.php\/2022\/11\/25\/pl-seguiu-a-lei-eleitoral-afirma-partido\/","title":{"rendered":"\u2018PL seguiu a Lei Eleitoral\u2019, afirma partido"},"content":{"rendered":"\n<p>O Partido Liberal (PL) acionou a assessoria jur\u00eddica para avaliar a decis\u00e3o do presidente do&nbsp;<a href=\"https:\/\/www.tse.jus.br\/\" target=\"_blank\" rel=\"noreferrer noopener\"><strong>Tribunal Superior Eleitoral<\/strong><\/a>&nbsp;(TSE), ministro Alexandre de Moraes, que indeferiu o pedido da legenda que questionou os votos de 279 mil urnas usadas no segundo turno das elei\u00e7\u00f5es.<\/p>\n\n\n\n<p>Em nota, o partido de Valdemar Costa Neto informou que \u201capenas seguiu o que prev\u00ea a Lei Eleitoral\u201d com as indaga\u00e7\u00f5es protocoladas no Tribunal.<\/p>\n\n\n\n<p>\u201cO PL j\u00e1 acionou a assessoria jur\u00eddica, que vai analisar a decis\u00e3o do TSE. O partido reitera que apenas seguiu o que prev\u00ea a Lei Eleitoral, que obriga as legendas a realizarem uma fiscaliza\u00e7\u00e3o do processo eleitoral\u201d, comunicou.<\/p>\n\n\n\n<p>Os integrantes do partido&nbsp;<a href=\"https:\/\/revistaoeste.com\/politica\/pl-vai-recorrer-da-decisao-de-moraes-que-multou-a-legenda\/\" target=\"_blank\" rel=\"noreferrer noopener\"><strong>j\u00e1 esperavam uma decis\u00e3o negativa<\/strong><\/a>&nbsp;por parte do presidente do TSE e, por isso, j\u00e1 havia a previs\u00e3o de recorrer.<\/p>\n\n\n\n<p>Na ter\u00e7a-feira 22, Alexandre de Moraes negou o pedido do PL e ainda determinou uma multa de R$ 22,9 milh\u00f5es contra os partidos PL, PP e Republicanos. Al\u00e9m disso, o ministro bloqueou os recursos do fundo partid\u00e1rio at\u00e9 que a multa seja quitada.<\/p>\n\n\n\n<h2>PP e Republicanos questionam decis\u00e3o<\/h2>\n\n\n\n<p>Os dois partidos que comp\u00f5em a coliga\u00e7\u00e3o para a reelei\u00e7\u00e3o do presidente Jair Bolsonaro protocolaram um pedido no TSE para que sejam exclu\u00eddos da condena\u00e7\u00e3o. No recurso, as legendas alegam que n\u00e3o foram consultadas sobre a a\u00e7\u00e3o promovida pelo PL de revis\u00e3o extraordin\u00e1ria das urnas eletr\u00f4nicas.<\/p>\n\n\n\n<p>\u201cOs partidos PP e Republicanos, apesar de coligados com o PL, jamais foram consultados sobre o ajuizamento da presente representa\u00e7\u00e3o\u201d, informaram.<\/p>\n\n\n\n<p>Fonte: revistaoeste<\/p>\n","protected":false},"excerpt":{"rendered":"<p>O Partido Liberal (PL) acionou a assessoria jur\u00eddica para avaliar a decis\u00e3o do presidente do&nbsp;Tribunal Superior Eleitoral&nbsp;(TSE), ministro Alexandre de Moraes, que indeferiu o pedido da legenda que questionou os votos de 279 mil urnas usadas no segundo turno das elei\u00e7\u00f5es. Em nota, o partido de Valdemar Costa Neto informou que \u201capenas seguiu o que [&hellip;]<\/p>\n","protected":false},"author":2,"featured_media":13605,"comment_status":"open","ping_status":"open","sticky":false,"template":"","format":"standard","meta":[],"categories":[10],"tags":[13],"_links":{"self":[{"href":"https:\/\/dgospel.com.br\/portal\/index.php\/wp-json\/wp\/v2\/posts\/13604"}],"collection":[{"href":"https:\/\/dgospel.com.br\/portal\/index.php\/wp-json\/wp\/v2\/posts"}],"about":[{"href":"https:\/\/dgospel.com.br\/portal\/index.php\/wp-json\/wp\/v2\/types\/post"}],"author":[{"embeddable":true,"href":"https:\/\/dgospel.com.br\/portal\/index.php\/wp-json\/wp\/v2\/users\/2"}],"replies":[{"embeddable":true,"href":"https:\/\/dgospel.com.br\/portal\/index.php\/wp-json\/wp\/v2\/comments?post=13604"}],"version-history":[{"count":1,"href":"https:\/\/dgospel.com.br\/portal\/index.php\/wp-json\/wp\/v2\/posts\/13604\/revisions"}],"predecessor-version":[{"id":13606,"href":"https:\/\/dgospel.com.br\/portal\/index.php\/wp-json\/wp\/v2\/posts\/13604\/revisions\/13606"}],"wp:featuredmedia":[{"embeddable":true,"href":"https:\/\/dgospel.com.br\/portal\/index.php\/wp-json\/wp\/v2\/media\/13605"}],"wp:attachment":[{"href":"https:\/\/dgospel.com.br\/portal\/index.php\/wp-json\/wp\/v2\/media?parent=13604"}],"wp:term":[{"taxonomy":"category","embeddable":true,"href":"https:\/\/dgospel.com.br\/portal\/index.php\/wp-json\/wp\/v2\/categories?post=13604"},{"taxonomy":"post_tag","embeddable":true,"href":"https:\/\/dgospel.com.br\/portal\/index.php\/wp-json\/wp\/v2\/tags?post=13604"}],"curies":[{"name":"wp","href":"https:\/\/api.w.org\/{rel}","templated":true}]}}