{"id":13615,"date":"2022-11-25T18:27:09","date_gmt":"2022-11-25T21:27:09","guid":{"rendered":"http:\/\/dgospel.com.br\/portal\/?p=13615"},"modified":"2022-11-25T18:27:10","modified_gmt":"2022-11-25T21:27:10","slug":"barroso-nao-adianta-apelar-para-quarteis-ou-extraterrestres","status":"publish","type":"post","link":"https:\/\/dgospel.com.br\/portal\/index.php\/2022\/11\/25\/barroso-nao-adianta-apelar-para-quarteis-ou-extraterrestres\/","title":{"rendered":"Barroso: \u201cN\u00e3o adianta apelar para quart\u00e9is ou extraterrestres\u201d"},"content":{"rendered":"\n<p>O ministro do Supremo Tribunal Federal (STF), Lu\u00eds Roberto Barroso, comentou sobre as manifesta\u00e7\u00f5es em frente a QGs do Ex\u00e9rcito ao redor do pa\u00eds. Em palestra a um grupo de estudantes na sede do Tribunal Regional Eleitoral da Bahia (TRE-BA), o ministro disse que n\u00e3o adianta \u201capelar para quart\u00e9is e extraterrestres\u201d.<\/p>\n\n\n\n<p>\u2013 \u201cEles t\u00eam repetido que Supremo \u00e9 o povo. E \u00e9 isso mesmo. Soberania popular significa a supremacia da vontade do povo, que se manifesta nas elei\u00e7\u00f5es. [\u2026] O resultado tem que ser respeitado. N\u00e3o adianta apelar para quart\u00e9is e n\u00e3o adianta apelar para seres extraterrestres. Isso \u00e9 antidemocr\u00e1tico \u2013 afirmou nesta sexta-feira (25).<\/p>\n\n\n\n<p>Barroso fez refer\u00eancia ao epis\u00f3dio em que manifestantes em Porto Alegre se reuniram em c\u00edrculo e apontaram celulares com as lanternas ligadas para cima. As pessoas faziam uma sinaliza\u00e7\u00e3o e pediam \u201colhe para n\u00f3s, general\u201d. O grupo estava reunido no Centro Hist\u00f3rico da Capital, no entorno do Comando Militar do Sul, no \u00faltimo domingo (20). A \u00e1rea tem sido local de mobiliza\u00e7\u00e3o desde o fim das elei\u00e7\u00f5es.<\/p>\n\n\n\n<p>Ap\u00f3s a repercuss\u00e3o das imagens, internautas zombaram dizendo que os manifestantes estavam pedindo socorro para seres extraterrestres.<\/p>\n\n\n\n<figure class=\"wp-block-image\"><img src=\"https:\/\/static.cdn.pleno.news\/2022\/11\/230986.jpg\" alt=\"\" class=\"wp-image-1046223\"\/><figcaption>Manifestantes em Porto Alegre&nbsp;Foto: Reprodu\u00e7\u00e3o\/V\u00eddeo redes sociais<\/figcaption><\/figure>\n","protected":false},"excerpt":{"rendered":"<p>O ministro do Supremo Tribunal Federal (STF), Lu\u00eds Roberto Barroso, comentou sobre as manifesta\u00e7\u00f5es em frente a QGs do Ex\u00e9rcito ao redor do pa\u00eds. Em palestra a um grupo de estudantes na sede do Tribunal Regional Eleitoral da Bahia (TRE-BA), o ministro disse que n\u00e3o adianta \u201capelar para quart\u00e9is e extraterrestres\u201d. \u2013 \u201cEles t\u00eam repetido [&hellip;]<\/p>\n","protected":false},"author":2,"featured_media":13616,"comment_status":"open","ping_status":"open","sticky":false,"template":"","format":"standard","meta":[],"categories":[10],"tags":[],"_links":{"self":[{"href":"https:\/\/dgospel.com.br\/portal\/index.php\/wp-json\/wp\/v2\/posts\/13615"}],"collection":[{"href":"https:\/\/dgospel.com.br\/portal\/index.php\/wp-json\/wp\/v2\/posts"}],"about":[{"href":"https:\/\/dgospel.com.br\/portal\/index.php\/wp-json\/wp\/v2\/types\/post"}],"author":[{"embeddable":true,"href":"https:\/\/dgospel.com.br\/portal\/index.php\/wp-json\/wp\/v2\/users\/2"}],"replies":[{"embeddable":true,"href":"https:\/\/dgospel.com.br\/portal\/index.php\/wp-json\/wp\/v2\/comments?post=13615"}],"version-history":[{"count":1,"href":"https:\/\/dgospel.com.br\/portal\/index.php\/wp-json\/wp\/v2\/posts\/13615\/revisions"}],"predecessor-version":[{"id":13617,"href":"https:\/\/dgospel.com.br\/portal\/index.php\/wp-json\/wp\/v2\/posts\/13615\/revisions\/13617"}],"wp:featuredmedia":[{"embeddable":true,"href":"https:\/\/dgospel.com.br\/portal\/index.php\/wp-json\/wp\/v2\/media\/13616"}],"wp:attachment":[{"href":"https:\/\/dgospel.com.br\/portal\/index.php\/wp-json\/wp\/v2\/media?parent=13615"}],"wp:term":[{"taxonomy":"category","embeddable":true,"href":"https:\/\/dgospel.com.br\/portal\/index.php\/wp-json\/wp\/v2\/categories?post=13615"},{"taxonomy":"post_tag","embeddable":true,"href":"https:\/\/dgospel.com.br\/portal\/index.php\/wp-json\/wp\/v2\/tags?post=13615"}],"curies":[{"name":"wp","href":"https:\/\/api.w.org\/{rel}","templated":true}]}}