{"id":13621,"date":"2022-11-25T18:40:32","date_gmt":"2022-11-25T21:40:32","guid":{"rendered":"http:\/\/dgospel.com.br\/portal\/?p=13621"},"modified":"2022-11-25T18:40:33","modified_gmt":"2022-11-25T21:40:33","slug":"deputado-pede-que-parlamentares-que-assinaram-cpi-do-abuso-de-poder-sejam-punidos","status":"publish","type":"post","link":"https:\/\/dgospel.com.br\/portal\/index.php\/2022\/11\/25\/deputado-pede-que-parlamentares-que-assinaram-cpi-do-abuso-de-poder-sejam-punidos\/","title":{"rendered":"Deputado pede que parlamentares que assinaram CPI do abuso de poder sejam punidos"},"content":{"rendered":"\n<p>O deputado Nereu Crispim (PSD-RS) entrou com a\u00e7\u00e3o no Supremo Tribunal Federal (STF) e no Tribunal Superior Eleitoral (TSE) solicitando que os 181 deputados que assinaram o pedido de cria\u00e7\u00e3o da Comiss\u00e3o Parlamentar de Inqu\u00e9rito para apurar supostos abusos de autoridade dos ministros da Suprema Corte sejam penalizados.<\/p>\n\n\n\n<p>Crispim sugere que seus colegas sejam inclu\u00eddos no inqu\u00e9rito das fakes news. Segundo ele, a CPI \u00e9 ilegal e inconstitucional por violar a separa\u00e7\u00e3o de Poderes.<\/p>\n\n\n\n<p>Inclusive, no texto enviado ao STF E TSE, o parlamentar ga\u00facho diz que seu conterr\u00e2neo, o deputado Marcel van Hattem, autor do pedido da CPI, cometeu crime.<\/p>\n\n\n\n<p>\u2013 Dentre tantos baderneiros e insatisfeitos com o resultado [das elei\u00e7\u00f5es], comunico not\u00edcia da ocorr\u00eancia de crime, em tese, praticado pelo deputado federal Marcel van Hattem que se utilizando do cargo e de instrumentos legislativos e de suas redes sociais, comete atos de incitamento a animosidade entre as For\u00e7as Armadas e os poderes constitucionais e outras institui\u00e7\u00f5es que tomaram decis\u00f5es para garantir a lei e a ordem durante e ap\u00f3s as elei\u00e7\u00f5es, para garantir o direito de ir e vir, o desbloqueio das rodovias e espa\u00e7os p\u00fablicos, para coibir a divulga\u00e7\u00e3o de fake news e para identificar financiadores e suspender o financiamento de atos violentos, antidemocr\u00e1ticos hoje j\u00e1 se considerando, como divulgado pela imprensa, como atos terroristas \u2013 diz trecho da a\u00e7\u00e3o.<\/p>\n\n\n\n<p>Crispim tamb\u00e9m deseja que o TSE puna a coliga\u00e7\u00e3o de Bolsonaro, Pelo Bem do Brasil, pois 99 dos assinantes do pedido de CPI fazem parte dos partidos PL, PP e Republicanos.<\/p>\n","protected":false},"excerpt":{"rendered":"<p>O deputado Nereu Crispim (PSD-RS) entrou com a\u00e7\u00e3o no Supremo Tribunal Federal (STF) e no Tribunal Superior Eleitoral (TSE) solicitando que os 181 deputados que assinaram o pedido de cria\u00e7\u00e3o da Comiss\u00e3o Parlamentar de Inqu\u00e9rito para apurar supostos abusos de autoridade dos ministros da Suprema Corte sejam penalizados. Crispim sugere que seus colegas sejam inclu\u00eddos [&hellip;]<\/p>\n","protected":false},"author":2,"featured_media":13619,"comment_status":"open","ping_status":"open","sticky":false,"template":"","format":"standard","meta":[],"categories":[8],"tags":[],"_links":{"self":[{"href":"https:\/\/dgospel.com.br\/portal\/index.php\/wp-json\/wp\/v2\/posts\/13621"}],"collection":[{"href":"https:\/\/dgospel.com.br\/portal\/index.php\/wp-json\/wp\/v2\/posts"}],"about":[{"href":"https:\/\/dgospel.com.br\/portal\/index.php\/wp-json\/wp\/v2\/types\/post"}],"author":[{"embeddable":true,"href":"https:\/\/dgospel.com.br\/portal\/index.php\/wp-json\/wp\/v2\/users\/2"}],"replies":[{"embeddable":true,"href":"https:\/\/dgospel.com.br\/portal\/index.php\/wp-json\/wp\/v2\/comments?post=13621"}],"version-history":[{"count":1,"href":"https:\/\/dgospel.com.br\/portal\/index.php\/wp-json\/wp\/v2\/posts\/13621\/revisions"}],"predecessor-version":[{"id":13622,"href":"https:\/\/dgospel.com.br\/portal\/index.php\/wp-json\/wp\/v2\/posts\/13621\/revisions\/13622"}],"wp:featuredmedia":[{"embeddable":true,"href":"https:\/\/dgospel.com.br\/portal\/index.php\/wp-json\/wp\/v2\/media\/13619"}],"wp:attachment":[{"href":"https:\/\/dgospel.com.br\/portal\/index.php\/wp-json\/wp\/v2\/media?parent=13621"}],"wp:term":[{"taxonomy":"category","embeddable":true,"href":"https:\/\/dgospel.com.br\/portal\/index.php\/wp-json\/wp\/v2\/categories?post=13621"},{"taxonomy":"post_tag","embeddable":true,"href":"https:\/\/dgospel.com.br\/portal\/index.php\/wp-json\/wp\/v2\/tags?post=13621"}],"curies":[{"name":"wp","href":"https:\/\/api.w.org\/{rel}","templated":true}]}}