{"id":13624,"date":"2022-11-26T08:56:11","date_gmt":"2022-11-26T11:56:11","guid":{"rendered":"http:\/\/dgospel.com.br\/portal\/?p=13624"},"modified":"2022-11-26T08:56:12","modified_gmt":"2022-11-26T11:56:12","slug":"advogados-pro-brasil-endossam-teor-dos-oficios-protocolados-pedindo-providencias-ao-cfoab","status":"publish","type":"post","link":"https:\/\/dgospel.com.br\/portal\/index.php\/2022\/11\/26\/advogados-pro-brasil-endossam-teor-dos-oficios-protocolados-pedindo-providencias-ao-cfoab\/","title":{"rendered":"Advogados Pr\u00f3-Brasil endossam teor dos of\u00edcios protocolados pedindo provid\u00eancias ao CFOAB"},"content":{"rendered":"\n<p>Por meio de requerimento, o grupo nacional de Advogados Pr\u00f3-Brasil encaminharam ao presidente do Conselho Federal da Ordem dos Advogados do Brasil (CFOAB),&nbsp;Jos\u00e9 Alberto Simonetti, o parecer de que endossam a inclus\u00e3o e a amplia\u00e7\u00e3o de an\u00e1lise dos of\u00edcios j\u00e1 produzidos pelos presidentes de dez seccionais e enviados ao Conselho em que tratam sobre as medidas adotadas pelo ministro da Suprema Corte e presidente do Tribunal Superior Eleitoral (STF), Alexandre de Moraes.<\/p>\n\n\n\n<p>Uma aspas chama aten\u00e7\u00e3o no documento que ressalta uma manifesta\u00e7\u00e3o de pensamento do jurista Rui Barbosa \u2013 \u201ca pior ditadura \u00e9 a ditadura do Poder Judici\u00e1rio. Contra ela, n\u00e3o h\u00e1 a quem recorrer.\u201d Em seguida, faz refer\u00eancia \u201ca pol\u00edticos, parlamentares, jornalistas, sites de not\u00edcias, empresas de comunica\u00e7\u00e3o, canais de YouTube, influenciadores e ativistas com a imposi\u00e7\u00e3o de medidas ilegais, antidemocr\u00e1ticas e inconstitucionais que ensejaram pris\u00f5es ilegais e arbitr\u00e1rias, ataque \u00e0s prerrogativas da advocacia nacional dos advogados que atuam na defesa criminal dos perseguidos pol\u00edticos\u201d.<\/p>\n\n\n\n<p>O documento ressalta ainda que, as medidas descritas s\u00e3o aplicadas pelo ministro do Supremo Tribunal Federal (STF), a qual considera inconstitucionais, logo, as \u201caplica\u00e7\u00f5es s\u00e3o inexistentes\u201d, como por exemplo: \u201co \u201cflagrante eterno\u201d, buscas e apreens\u00e3o at\u00edpicas, bloqueio de contas banc\u00e1rias e outras medidas cautelares absurdas de of\u00edcio sem a oitiva do Minist\u00e9rio P\u00fablico, desmonetiza\u00e7\u00e3o, aboli\u00e7\u00e3o de perfis de redes sociais, amea\u00e7as de encerramento de grupos de mensagens (Telegram e outros), opera\u00e7\u00f5es pol\u00edcias realizadas com base em prints de conversas privadas de Whatsapp entre cidad\u00e3os brasileiros vazadas em site de not\u00edcias visando intimidar empres\u00e1rios e outros brasileiros sem foro por prerrogativa de fun\u00e7\u00e3o, dentre outros\u201d.<\/p>\n\n\n\n<p>Al\u00e9m disso, alerta para a \u201ccensura pr\u00e9via o crime de opini\u00e3o de vozes divergentes e cr\u00edticas com a persegui\u00e7\u00e3o de brasileiros inocentes\u201d, destacando a in\u00e9rcia e o sil\u00eancio da OAB, referindo as pr\u00e1ticas de Alexandre de Moraes, as quais considera \u201cautorit\u00e1ria\u201d, e que endossam uma \u201csuposta constitucionalidade\u201d.<\/p>\n\n\n\n<p>Como um adendo, o grupo dos Advogados Pr\u00f3-Brasil emitiram uma nota comunicando a advocacia nacional que protocolou requerimento ao Conselho Federal da OAB requerendo a inclus\u00e3o e amplia\u00e7\u00e3o do escopo de an\u00e1lise.<\/p>\n\n\n\n<p>Leia o requerimento na \u00edntegra:&nbsp;<a href=\"https:\/\/us.docworkspace.com\/d\/sIC-8iI26AdmshZwG?sa=00&amp;st=0t\" target=\"_blank\" rel=\"noreferrer noopener\">REQUERIMENTO_Grupo dos Advogados Pr\u00f3-Brasil<\/a><\/p>\n\n\n\n<figure class=\"wp-block-image\"><img src=\"https:\/\/horabrasilia.com.br\/wp-content\/uploads\/2022\/11\/whatsapp-image-2022-11-25-at-155745-1-206x300.jpeg\" alt=\"\" class=\"wp-image-34902\"\/><\/figure>\n\n\n\n<p>Fonte: horabrasilia<\/p>\n","protected":false},"excerpt":{"rendered":"<p>Por meio de requerimento, o grupo nacional de Advogados Pr\u00f3-Brasil encaminharam ao presidente do Conselho Federal da Ordem dos Advogados do Brasil (CFOAB),&nbsp;Jos\u00e9 Alberto Simonetti, o parecer de que endossam a inclus\u00e3o e a amplia\u00e7\u00e3o de an\u00e1lise dos of\u00edcios j\u00e1 produzidos pelos presidentes de dez seccionais e enviados ao Conselho em que tratam sobre as [&hellip;]<\/p>\n","protected":false},"author":2,"featured_media":13625,"comment_status":"open","ping_status":"open","sticky":false,"template":"","format":"standard","meta":[],"categories":[10],"tags":[],"_links":{"self":[{"href":"https:\/\/dgospel.com.br\/portal\/index.php\/wp-json\/wp\/v2\/posts\/13624"}],"collection":[{"href":"https:\/\/dgospel.com.br\/portal\/index.php\/wp-json\/wp\/v2\/posts"}],"about":[{"href":"https:\/\/dgospel.com.br\/portal\/index.php\/wp-json\/wp\/v2\/types\/post"}],"author":[{"embeddable":true,"href":"https:\/\/dgospel.com.br\/portal\/index.php\/wp-json\/wp\/v2\/users\/2"}],"replies":[{"embeddable":true,"href":"https:\/\/dgospel.com.br\/portal\/index.php\/wp-json\/wp\/v2\/comments?post=13624"}],"version-history":[{"count":1,"href":"https:\/\/dgospel.com.br\/portal\/index.php\/wp-json\/wp\/v2\/posts\/13624\/revisions"}],"predecessor-version":[{"id":13626,"href":"https:\/\/dgospel.com.br\/portal\/index.php\/wp-json\/wp\/v2\/posts\/13624\/revisions\/13626"}],"wp:featuredmedia":[{"embeddable":true,"href":"https:\/\/dgospel.com.br\/portal\/index.php\/wp-json\/wp\/v2\/media\/13625"}],"wp:attachment":[{"href":"https:\/\/dgospel.com.br\/portal\/index.php\/wp-json\/wp\/v2\/media?parent=13624"}],"wp:term":[{"taxonomy":"category","embeddable":true,"href":"https:\/\/dgospel.com.br\/portal\/index.php\/wp-json\/wp\/v2\/categories?post=13624"},{"taxonomy":"post_tag","embeddable":true,"href":"https:\/\/dgospel.com.br\/portal\/index.php\/wp-json\/wp\/v2\/tags?post=13624"}],"curies":[{"name":"wp","href":"https:\/\/api.w.org\/{rel}","templated":true}]}}