{"id":1363,"date":"2018-09-19T00:08:26","date_gmt":"2018-09-19T03:08:26","guid":{"rendered":"http:\/\/dgospel.com.br\/portal\/?p=1363"},"modified":"2018-09-19T00:08:26","modified_gmt":"2018-09-19T03:08:26","slug":"no-desespero-amastha-usa-hospitais-municipais-para-criticar-carlesse-e-tem-propaganda-suspensa-pela-justica","status":"publish","type":"post","link":"https:\/\/dgospel.com.br\/portal\/index.php\/2018\/09\/19\/no-desespero-amastha-usa-hospitais-municipais-para-criticar-carlesse-e-tem-propaganda-suspensa-pela-justica\/","title":{"rendered":"No desespero, Amastha usa hospitais municipais para criticar Carlesse e tem propaganda suspensa pela Justi\u00e7a"},"content":{"rendered":"<p class=\"yiv0117567140MsoNormal\">A Justi\u00e7a Eleitoral suspendeu nesta segunda-feira, 17, em car\u00e1ter liminar, propaganda veiculada pelo candidato Carlos Amastha contendo informa\u00e7\u00f5es inver\u00eddicas sobre a gest\u00e3o da sa\u00fade no atual governo, ao divulgar mat\u00e9rias veiculadas pelo Jornal Anhanguera, em montagem, para tentar denegrir a atual gest\u00e3o e enganar o eleitor.<\/p>\n<p class=\"yiv0117567140MsoNormal\">&#8220;Analisando o v\u00eddeo percebo que a parte representada usou o tempo integral da propaganda, exclusivamente para propagar mat\u00e9rias jornal\u00edsticas criticando a situa\u00e7\u00e3o de hospitais, inclusive aqueles administrados pelos munic\u00edpios, na busca de t\u00e3o somente impor uma propaganda negativa, sem qualquer men\u00e7\u00e3o \u00e0s propostas ou planos vinculados ao pr\u00f3prio candidato ao qual o tempo estava destinado&#8221;, escreveu o magistrado.<\/p>\n<p class=\"yiv0117567140MsoNormal\">Em sua decis\u00e3o o juiz eleitoral Anti\u00f3genes Ferreira de Souza destaca que a Lei 9.504\/97 (Lei das Elei\u00e7\u00f5es) pro\u00edbe a veicula\u00e7\u00e3o de propaganda que possa degradar ou ridicularizar candidatos, sujeitando-se o partido ou coliga\u00e7\u00e3o infratores \u00e0 perda do direito \u00e0 veicula\u00e7\u00e3o de propaganda no hor\u00e1rio eleitoral gratuito do dia seguinte.<\/p>\n<p class=\"yiv0117567140MsoNormal\">Diante disso, concluiu o juiz eleitoral, a propaganda \u00e9 irregular relativamente ao candidato advers\u00e1rio na forma como editada, al\u00e9m de empregar meios destinados a induzir na opini\u00e3o p\u00fablica a estados emocionais ou passionais, o que \u00e9 proibido pelo C\u00f3digo Eleitoral.<\/p>\n<p class=\"yiv0117567140MsoNormal\">Constatadas as irregularidades, o magistrado determinou a imediata suspens\u00e3o da veicula\u00e7\u00e3o da propaganda de Amastha e estipulou multa di\u00e1ria de R$ 10 mil por inser\u00e7\u00e3o.<\/p>\n","protected":false},"excerpt":{"rendered":"<p>A Justi\u00e7a Eleitoral suspendeu nesta segunda-feira, 17, em car\u00e1ter liminar, propaganda veiculada pelo candidato Carlos Amastha contendo informa\u00e7\u00f5es inver\u00eddicas sobre a gest\u00e3o da sa\u00fade no atual governo, ao divulgar mat\u00e9rias veiculadas pelo Jornal Anhanguera, em montagem, para tentar denegrir a atual gest\u00e3o e enganar o eleitor. &#8220;Analisando o v\u00eddeo percebo que a parte representada usou [&hellip;]<\/p>\n","protected":false},"author":2,"featured_media":1364,"comment_status":"open","ping_status":"open","sticky":false,"template":"","format":"standard","meta":[],"categories":[2,4],"tags":[],"_links":{"self":[{"href":"https:\/\/dgospel.com.br\/portal\/index.php\/wp-json\/wp\/v2\/posts\/1363"}],"collection":[{"href":"https:\/\/dgospel.com.br\/portal\/index.php\/wp-json\/wp\/v2\/posts"}],"about":[{"href":"https:\/\/dgospel.com.br\/portal\/index.php\/wp-json\/wp\/v2\/types\/post"}],"author":[{"embeddable":true,"href":"https:\/\/dgospel.com.br\/portal\/index.php\/wp-json\/wp\/v2\/users\/2"}],"replies":[{"embeddable":true,"href":"https:\/\/dgospel.com.br\/portal\/index.php\/wp-json\/wp\/v2\/comments?post=1363"}],"version-history":[{"count":1,"href":"https:\/\/dgospel.com.br\/portal\/index.php\/wp-json\/wp\/v2\/posts\/1363\/revisions"}],"predecessor-version":[{"id":1365,"href":"https:\/\/dgospel.com.br\/portal\/index.php\/wp-json\/wp\/v2\/posts\/1363\/revisions\/1365"}],"wp:featuredmedia":[{"embeddable":true,"href":"https:\/\/dgospel.com.br\/portal\/index.php\/wp-json\/wp\/v2\/media\/1364"}],"wp:attachment":[{"href":"https:\/\/dgospel.com.br\/portal\/index.php\/wp-json\/wp\/v2\/media?parent=1363"}],"wp:term":[{"taxonomy":"category","embeddable":true,"href":"https:\/\/dgospel.com.br\/portal\/index.php\/wp-json\/wp\/v2\/categories?post=1363"},{"taxonomy":"post_tag","embeddable":true,"href":"https:\/\/dgospel.com.br\/portal\/index.php\/wp-json\/wp\/v2\/tags?post=1363"}],"curies":[{"name":"wp","href":"https:\/\/api.w.org\/{rel}","templated":true}]}}