{"id":13632,"date":"2022-11-26T09:05:26","date_gmt":"2022-11-26T12:05:26","guid":{"rendered":"http:\/\/dgospel.com.br\/portal\/?p=13632"},"modified":"2022-11-26T09:05:27","modified_gmt":"2022-11-26T12:05:27","slug":"vicentinho-junior-se-defende-de-ataque-de-esquerdistas-por-ter-assinado-cpi-do-abuso-de-poder","status":"publish","type":"post","link":"https:\/\/dgospel.com.br\/portal\/index.php\/2022\/11\/26\/vicentinho-junior-se-defende-de-ataque-de-esquerdistas-por-ter-assinado-cpi-do-abuso-de-poder\/","title":{"rendered":"Vicentinho J\u00fanior\u00a0se defende de ataque de esquerdistas por ter assinado CPI do Abuso de poder"},"content":{"rendered":"\n<p>O deputado federal Vicentinho J\u00fanior (PP-TO) usou o Twitter para se defender dos ataques que tem recebido de esquerdistas por ser um dos 181 deputados que assinaram o pedido de cria\u00e7\u00e3o de uma Comiss\u00e3o Parlamentar de Inqu\u00e9rito (CPI) para apurar poss\u00edveis abusos de poder dos ministros do Supremo Tribunal Federal (STF) e Tribunal Superior Eleitoral (TSE).<\/p>\n\n\n\n<p>Ao explicar suas raz\u00f5es para apoiar o projeto de Marcel van Hattem (Novo-RS), J\u00fanior escreveu que faz parte do seu papel como deputado fiscalizar.<\/p>\n\n\n\n<p>\u2013 Assinei a CPI que busca investigar poss\u00edveis a\u00e7\u00f5es de abuso de poder do STF e do TSE.Como deputado, meu papel \u00e9 fiscalizar. Por isso, acredito ser de grande import\u00e2ncia que os brasileiros saibam realmente o que acontece em nosso judici\u00e1rio \u2013 disse.<\/p>\n\n\n\n<p>O parlamentar completa o texto defendendo a independ\u00eancia dos poderes e o respeito pelas institui\u00e7\u00f5es.<\/p>\n\n\n\n<p>\u2013 Precisamos zelar pela independ\u00eancia dos poderes e pelo respeito \u00e0s institui\u00e7\u00f5es. Confio em nosso sistema, defendo a total transpar\u00eancia, e estou \u00e0 disposi\u00e7\u00e3o para continuar lutando em prol do nosso Brasil!<\/p>\n\n\n\n<p>Vicentinho J\u00fanior n\u00e3o foi o \u00fanico a ser criticado, todos foram expostos e sofreram oposi\u00e7\u00f5es nas redes sociais.<\/p>\n\n\n\n<p>Os pr\u00f3prios colegas de C\u00e2mara est\u00e3o contra eles. Inclusive, o deputado Nereu Crispim (PSD-RS) entrou com a\u00e7\u00e3o no STF e TSE para que todos os 181 deputados que assinaram o pedido sejam inclu\u00eddos no inqu\u00e9rito das fakes news. Segundo ele, a CPI \u00e9 ilegal e inconstitucional por violar a separa\u00e7\u00e3o de Poderes.<\/p>\n","protected":false},"excerpt":{"rendered":"<p>O deputado federal Vicentinho J\u00fanior (PP-TO) usou o Twitter para se defender dos ataques que tem recebido de esquerdistas por ser um dos 181 deputados que assinaram o pedido de cria\u00e7\u00e3o de uma Comiss\u00e3o Parlamentar de Inqu\u00e9rito (CPI) para apurar poss\u00edveis abusos de poder dos ministros do Supremo Tribunal Federal (STF) e Tribunal Superior Eleitoral [&hellip;]<\/p>\n","protected":false},"author":2,"featured_media":13633,"comment_status":"open","ping_status":"open","sticky":false,"template":"","format":"standard","meta":[],"categories":[8],"tags":[],"_links":{"self":[{"href":"https:\/\/dgospel.com.br\/portal\/index.php\/wp-json\/wp\/v2\/posts\/13632"}],"collection":[{"href":"https:\/\/dgospel.com.br\/portal\/index.php\/wp-json\/wp\/v2\/posts"}],"about":[{"href":"https:\/\/dgospel.com.br\/portal\/index.php\/wp-json\/wp\/v2\/types\/post"}],"author":[{"embeddable":true,"href":"https:\/\/dgospel.com.br\/portal\/index.php\/wp-json\/wp\/v2\/users\/2"}],"replies":[{"embeddable":true,"href":"https:\/\/dgospel.com.br\/portal\/index.php\/wp-json\/wp\/v2\/comments?post=13632"}],"version-history":[{"count":1,"href":"https:\/\/dgospel.com.br\/portal\/index.php\/wp-json\/wp\/v2\/posts\/13632\/revisions"}],"predecessor-version":[{"id":13634,"href":"https:\/\/dgospel.com.br\/portal\/index.php\/wp-json\/wp\/v2\/posts\/13632\/revisions\/13634"}],"wp:featuredmedia":[{"embeddable":true,"href":"https:\/\/dgospel.com.br\/portal\/index.php\/wp-json\/wp\/v2\/media\/13633"}],"wp:attachment":[{"href":"https:\/\/dgospel.com.br\/portal\/index.php\/wp-json\/wp\/v2\/media?parent=13632"}],"wp:term":[{"taxonomy":"category","embeddable":true,"href":"https:\/\/dgospel.com.br\/portal\/index.php\/wp-json\/wp\/v2\/categories?post=13632"},{"taxonomy":"post_tag","embeddable":true,"href":"https:\/\/dgospel.com.br\/portal\/index.php\/wp-json\/wp\/v2\/tags?post=13632"}],"curies":[{"name":"wp","href":"https:\/\/api.w.org\/{rel}","templated":true}]}}