{"id":13635,"date":"2022-11-26T09:12:14","date_gmt":"2022-11-26T12:12:14","guid":{"rendered":"http:\/\/dgospel.com.br\/portal\/?p=13635"},"modified":"2022-11-26T09:12:15","modified_gmt":"2022-11-26T12:12:15","slug":"bancada-evangelica-emite-nota-de-repudio-contra-lula","status":"publish","type":"post","link":"https:\/\/dgospel.com.br\/portal\/index.php\/2022\/11\/26\/bancada-evangelica-emite-nota-de-repudio-contra-lula\/","title":{"rendered":"Bancada Evang\u00e9lica emite nota de rep\u00fadio contra Lula"},"content":{"rendered":"\n<p>A Frente Parlamentar Evang\u00e9lica (FPE) emitiu nesta sexta-feira (25) uma nota de rep\u00fadio contra Luiz In\u00e1cio Lula da Silva (PT) que amea\u00e7ou culpar as igrejas evang\u00e9licas pelas mortes de n\u00e3o vacinados, caso elas n\u00e3o aceitem apoiar as campanhas de vacina\u00e7\u00e3o.<\/p>\n\n\n\n<p>Na vis\u00e3o dos parlamentares, o presidente eleito demonstra \u201cclaro intuito de perseguir preconceituosamente \u00e0 comunidade Evang\u00e9lica\u201d uma vez que, durante sua fala sobre a vacina\u00e7\u00e3o, ele n\u00e3o citou nenhuma outra organiza\u00e7\u00e3o religiosa, sindical ou qualquer outro segmento.<\/p>\n\n\n\n<p>\u2013 Discursos como esse refor\u00e7am a necessidade de continuarmos conclamando nossa sociedade a refletir sobre os fundamentos e os princ\u00edpios que nortear\u00e3o a Rep\u00fablica, caso Lula assuma e permane\u00e7a presidente, eis que tal fala conduz o pa\u00eds ao temeroso caminho da discrimina\u00e7\u00e3o, preconceito e intoler\u00e2ncia religiosa, especificamente contra os evang\u00e9licos \u2013 diz trecho da nota.<\/p>\n\n\n\n<p>A FPE ainda afirma que repudia qualquer a\u00e7\u00e3o de discrimina\u00e7\u00e3o e preconceito e que preza pela liberdade de escolha n\u00e3o s\u00f3 dos evang\u00e9licos, mas de todo o cidad\u00e3o brasileiro.<\/p>\n\n\n\n<p><strong>NOTA DE REP\u00daDIO<\/strong><br><em>A Frente Parlamentar Evang\u00e9lica do Congresso Nacional (FPE) v\u00eam, em defesa de todos os Evang\u00e9licos do Brasil, repudiar veementemente a fala do Ex-Presidente Lula, que na quinta-feira (24) do m\u00eas em curso, afirmou que \u201cvai responsabilizar os Evang\u00e9licos pelas mortes\u201d no contexto da Pandemia.<\/em><\/p>\n\n\n\n<p><em>Ao complementar a fala, Lula disse que vai \u201cpegar muita gente\u201d, demonstrando claro intuito de perseguir preconceituosamente a comunidade Evang\u00e9lica, visto que n\u00e3o se referiu a nenhuma outra organiza\u00e7\u00e3o religiosa, sindical e ou a qualquer outro segmento da sociedade que defende a ampla liberdade de escolha de seus integrantes.<\/em><\/p>\n\n\n\n<p><em>Discursos como esse refor\u00e7am a necessidade de continuarmos conclamando nossa sociedade a refletir sobre os fundamentos e os princ\u00edpios que nortear\u00e3o a Rep\u00fablica, caso Lula assuma e permane\u00e7a na presidente, eis que tal fala conduz o pa\u00eds ao temeroso caminho da discrimina\u00e7\u00e3o, preconceito e intoler\u00e2ncia religiosa, especificamente contra os Evang\u00e9licos.<\/em><br><em>Diante do fat\u00eddico caso, a FPE vem a p\u00fablico repudiar toda e qualquer a\u00e7\u00e3o ou ato de discrimina\u00e7\u00e3o e ou preconceito, principalmente de intoler\u00e2ncia religiosa, bem como reafirmar o seu compromisso de zelar pela equidade e a defesa do direito liberdade de escolha n\u00e3o s\u00f3 da comunidade Evang\u00e9lica, mas de todo o povo brasileiro.<\/em><\/p>\n\n\n\n<p><em>Cabe ainda destacar que a Frente Parlamentar Evang\u00e9lica n\u00e3o compactua com quaisquer tipos de viola\u00e7\u00e3o de direitos individuais ou coletivos, eis que age e atua de forma estritamente legal e atinente a lei maior do pa\u00eds, nossa Constitui\u00e7\u00e3o.<\/em><\/p>\n\n\n\n<p><em>Neste contexto relembramos que a Carta Magna de 1988 tem entre seus fundamentos a promo\u00e7\u00e3o do bem de todos na busca de uma sociedade mais justa, livre e solid\u00e1ria, considerando a cidadania e a dignidade da pessoa humana como princ\u00edpios fundamentais, repudiando preconceitos de quaisquer tipos, sem distin\u00e7\u00e3o de origem, ra\u00e7a, cor, sexo, religi\u00e3o e ou quaisquer outras formas de sectarismo.<\/em><\/p>\n\n\n\n<p><em>Em suma, reafirmamos a idoneidade da comunidade evang\u00e9lica e exigimos respeito.<\/em><\/p>\n\n\n\n<p><em>Bras\u00edlia \u2013 DF, 25 de novembro de 2022.<\/em><\/p>\n\n\n\n<p><em>S\u00d3STENES CAVALCANTE<\/em><br><em>Deputado Federal \u2013 PL\/RJ<\/em><br><em>Presidente da Frente Parlamentar Evang\u00e9lica do Congresso Nacional<\/em><\/p>\n","protected":false},"excerpt":{"rendered":"<p>A Frente Parlamentar Evang\u00e9lica (FPE) emitiu nesta sexta-feira (25) uma nota de rep\u00fadio contra Luiz In\u00e1cio Lula da Silva (PT) que amea\u00e7ou culpar as igrejas evang\u00e9licas pelas mortes de n\u00e3o vacinados, caso elas n\u00e3o aceitem apoiar as campanhas de vacina\u00e7\u00e3o. Na vis\u00e3o dos parlamentares, o presidente eleito demonstra \u201cclaro intuito de perseguir preconceituosamente \u00e0 comunidade [&hellip;]<\/p>\n","protected":false},"author":2,"featured_media":13636,"comment_status":"open","ping_status":"open","sticky":false,"template":"","format":"standard","meta":[],"categories":[5],"tags":[13],"_links":{"self":[{"href":"https:\/\/dgospel.com.br\/portal\/index.php\/wp-json\/wp\/v2\/posts\/13635"}],"collection":[{"href":"https:\/\/dgospel.com.br\/portal\/index.php\/wp-json\/wp\/v2\/posts"}],"about":[{"href":"https:\/\/dgospel.com.br\/portal\/index.php\/wp-json\/wp\/v2\/types\/post"}],"author":[{"embeddable":true,"href":"https:\/\/dgospel.com.br\/portal\/index.php\/wp-json\/wp\/v2\/users\/2"}],"replies":[{"embeddable":true,"href":"https:\/\/dgospel.com.br\/portal\/index.php\/wp-json\/wp\/v2\/comments?post=13635"}],"version-history":[{"count":1,"href":"https:\/\/dgospel.com.br\/portal\/index.php\/wp-json\/wp\/v2\/posts\/13635\/revisions"}],"predecessor-version":[{"id":13637,"href":"https:\/\/dgospel.com.br\/portal\/index.php\/wp-json\/wp\/v2\/posts\/13635\/revisions\/13637"}],"wp:featuredmedia":[{"embeddable":true,"href":"https:\/\/dgospel.com.br\/portal\/index.php\/wp-json\/wp\/v2\/media\/13636"}],"wp:attachment":[{"href":"https:\/\/dgospel.com.br\/portal\/index.php\/wp-json\/wp\/v2\/media?parent=13635"}],"wp:term":[{"taxonomy":"category","embeddable":true,"href":"https:\/\/dgospel.com.br\/portal\/index.php\/wp-json\/wp\/v2\/categories?post=13635"},{"taxonomy":"post_tag","embeddable":true,"href":"https:\/\/dgospel.com.br\/portal\/index.php\/wp-json\/wp\/v2\/tags?post=13635"}],"curies":[{"name":"wp","href":"https:\/\/api.w.org\/{rel}","templated":true}]}}