{"id":13644,"date":"2022-11-26T10:34:55","date_gmt":"2022-11-26T13:34:55","guid":{"rendered":"http:\/\/dgospel.com.br\/portal\/?p=13644"},"modified":"2022-11-26T10:34:57","modified_gmt":"2022-11-26T13:34:57","slug":"feliciano-fala-sobre-intencoes-do-pt-e-pede-ajuda-contra-forcas-diabolicas","status":"publish","type":"post","link":"https:\/\/dgospel.com.br\/portal\/index.php\/2022\/11\/26\/feliciano-fala-sobre-intencoes-do-pt-e-pede-ajuda-contra-forcas-diabolicas\/","title":{"rendered":"Feliciano fala sobre inten\u00e7\u00f5es do PT e pede ajuda contra \u2018for\u00e7as diab\u00f3licas\u2019"},"content":{"rendered":"\n<p>O Partido dos Trabalhadores (PT) ainda n\u00e3o assumiu o poder no Brasil, ap\u00f3s a elei\u00e7\u00e3o de Luiz In\u00e1cio Lula da Silva no dia 30 desse m\u00eas, mas os recentes acontecimentos relacionados \u00e0 lideran\u00e7a da legenda j\u00e1 v\u00eam preocupando alguns evang\u00e9licos, como o pastor e deputado federal Marco Feliciano.<\/p>\n\n\n\n<p>O membro da Assembleia de Deus publicou um artigo para alertar sobre as \u201creais inten\u00e7\u00f5es\u201d do PT, segundo o pastor, \u201ccom o povo evang\u00e9lico\u201d. De acordo com Feliciano, os integrantes da maior legenda esquerdista do pa\u00eds seriam \u201cinimigos perigosos, dispostos a tudo.\u201d<\/p>\n\n\n\n<p>\u201cDevemos manter forte vigil\u00e2ncia e denunciar veementemente todas as a\u00e7\u00f5es que visem atacar a Igreja\u201d, diz o pastor. N\u00e3o por acaso, vale destacar, esta semana o presidente eleito,&nbsp;<a href=\"https:\/\/noticias.gospelmais.com.br\/lula-ameaca-igrejas-responsabilizadas-mortes-vacina-158735.html\">Lula, insinuou que poder\u00e1 responsabilizar<\/a>&nbsp;os pastores das igrejas pelas mortes das pessoas durante a pandemia.<\/p>\n\n\n\n<p>Isso, segundo o petista, caso fique demonstrado que o l\u00edder da institui\u00e7\u00e3o tenha assumido uma postura contr\u00e1ria \u00e0 vacina\u00e7\u00e3o no Brasil. \u201cEu pretendo procurar v\u00e1rias igrejas evang\u00e9licas e discutir com o chefe delas: \u2018Olha, qual \u00e9 o comportamento de voc\u00eas nessa quest\u00e3o das vacinas?\u2019\u201d, disse Lula. \u201cOu vamos responsabilizar voc\u00eas pela morte das pessoas\u201d, afirmou.<\/p>\n\n\n\n<p>Marco Feliciano tamb\u00e9m lembrou de uma live recente feita pelo ex-ministro do PT, Jos\u00e9 Genoino. Na ocasi\u00e3o, o ex-guerrilheiro comunista tra\u00e7ou qual deve ser a estrat\u00e9gia da esquerda para taxar as igrejas no pa\u00eds, no futuro governo petista.<\/p>\n\n\n\n<p>\u201cEle citou evang\u00e9licos como um problema a ser solucionado pelo partido quando assumir o poder\u201d, destacou Feliciano em&nbsp;<a href=\"https:\/\/pleno.news\/opiniao\/marco-feliciano\/o-pt-e-suas-reais-intencoes-com-o-povo-evangelico.html\">sua<\/a>&nbsp;coluna no Pleno News. O pastor, por fim, pediu para que os crist\u00e3o se mantenham em alerta contra o que chamou de \u201cfor\u00e7as diab\u00f3licas do marxismo\u201d.<\/p>\n\n\n\n<p>\u201cConclamo a todos os irm\u00e3os crist\u00e3os que vigiem os passos desses l\u00edderes de esquerda que tentar\u00e3o solapar nossas bases com falsas promessas para, no momento oportuno, darem o bote da serpente, nos impedindo de pregar o verdadeiro Evangelho de Cristo\u201d, conclui.<\/p>\n\n\n\n<p>Fonte: gospelmais<\/p>\n","protected":false},"excerpt":{"rendered":"<p>O Partido dos Trabalhadores (PT) ainda n\u00e3o assumiu o poder no Brasil, ap\u00f3s a elei\u00e7\u00e3o de Luiz In\u00e1cio Lula da Silva no dia 30 desse m\u00eas, mas os recentes acontecimentos relacionados \u00e0 lideran\u00e7a da legenda j\u00e1 v\u00eam preocupando alguns evang\u00e9licos, como o pastor e deputado federal Marco Feliciano. O membro da Assembleia de Deus publicou [&hellip;]<\/p>\n","protected":false},"author":2,"featured_media":13645,"comment_status":"open","ping_status":"open","sticky":false,"template":"","format":"standard","meta":[],"categories":[8],"tags":[],"_links":{"self":[{"href":"https:\/\/dgospel.com.br\/portal\/index.php\/wp-json\/wp\/v2\/posts\/13644"}],"collection":[{"href":"https:\/\/dgospel.com.br\/portal\/index.php\/wp-json\/wp\/v2\/posts"}],"about":[{"href":"https:\/\/dgospel.com.br\/portal\/index.php\/wp-json\/wp\/v2\/types\/post"}],"author":[{"embeddable":true,"href":"https:\/\/dgospel.com.br\/portal\/index.php\/wp-json\/wp\/v2\/users\/2"}],"replies":[{"embeddable":true,"href":"https:\/\/dgospel.com.br\/portal\/index.php\/wp-json\/wp\/v2\/comments?post=13644"}],"version-history":[{"count":1,"href":"https:\/\/dgospel.com.br\/portal\/index.php\/wp-json\/wp\/v2\/posts\/13644\/revisions"}],"predecessor-version":[{"id":13646,"href":"https:\/\/dgospel.com.br\/portal\/index.php\/wp-json\/wp\/v2\/posts\/13644\/revisions\/13646"}],"wp:featuredmedia":[{"embeddable":true,"href":"https:\/\/dgospel.com.br\/portal\/index.php\/wp-json\/wp\/v2\/media\/13645"}],"wp:attachment":[{"href":"https:\/\/dgospel.com.br\/portal\/index.php\/wp-json\/wp\/v2\/media?parent=13644"}],"wp:term":[{"taxonomy":"category","embeddable":true,"href":"https:\/\/dgospel.com.br\/portal\/index.php\/wp-json\/wp\/v2\/categories?post=13644"},{"taxonomy":"post_tag","embeddable":true,"href":"https:\/\/dgospel.com.br\/portal\/index.php\/wp-json\/wp\/v2\/tags?post=13644"}],"curies":[{"name":"wp","href":"https:\/\/api.w.org\/{rel}","templated":true}]}}